{"id":34042,"date":"2025-02-12T11:09:08","date_gmt":"2025-02-12T14:09:08","guid":{"rendered":"https:\/\/radiostudiow.com.br\/site\/?p=34042"},"modified":"2025-02-12T11:09:52","modified_gmt":"2025-02-12T14:09:52","slug":"bicicleta-furtada-e-recuperada-em-acao-policial","status":"publish","type":"post","link":"https:\/\/radiostudiow.com.br\/site\/2025\/02\/12\/bicicleta-furtada-e-recuperada-em-acao-policial\/","title":{"rendered":"Bicicleta furtada \u00e9 recuperada em Uni\u00e3o da Vit\u00f3ria"},"content":{"rendered":"\n<p>Por volta das 14h31min desta ter\u00e7a-feira, 11 de fevereiro, durante patrulhamento de rotina, a equipe da Pol\u00edcia Militar de Uni\u00e3o da Vit\u00f3ria recebeu informa\u00e7\u00f5es sobre o paradeiro de uma bicicleta furtada na segunda-feira (10).<\/p>\n\n\n\n<figure class=\"wp-block-image size-full\"><img loading=\"lazy\" decoding=\"async\" width=\"598\" height=\"204\" src=\"https:\/\/radiostudiow.com.br\/site\/wp-content\/uploads\/2025\/01\/SITE-MEDIO2.png\" alt=\"\" class=\"wp-image-32844\" srcset=\"https:\/\/radiostudiow.com.br\/site\/wp-content\/uploads\/2025\/01\/SITE-MEDIO2.png 598w, https:\/\/radiostudiow.com.br\/site\/wp-content\/uploads\/2025\/01\/SITE-MEDIO2-300x102.png 300w\" sizes=\"auto, (max-width: 598px) 100vw, 598px\" \/><\/figure>\n\n\n\n<p>Ap\u00f3s dilig\u00eancias no local indicado, os policiais localizaram o objeto em uma resid\u00eancia, onde foi reconhecido pela v\u00edtima. Embora o autor do furto n\u00e3o tenha sido encontrado, o irm\u00e3o dele foi encaminhado \u00e0 delegacia como testemunha do caso.<\/p>\n\n\n\n<p>A bicicleta foi apreendida e, junto \u00e0 v\u00edtima, conduzida \u00e0 delegacia para os procedimentos legais cab\u00edveis.<\/p>\n","protected":false},"excerpt":{"rendered":"<p>Por volta das 14h31min desta ter\u00e7a-feira, 11 de fevereiro, durante patrulhamento de rotina, a equipe da Pol\u00edcia Militar de Uni\u00e3o da Vit\u00f3ria recebeu informa\u00e7\u00f5es sobre o paradeiro de uma bicicleta furtada na segunda-feira (10). Ap\u00f3s dilig\u00eancias no local indicado, os policiais localizaram o objeto em uma resid\u00eancia, onde foi reconhecido pela v\u00edtima. Embora o autor [&hellip;]<\/p>\n","protected":false},"author":2,"featured_media":34043,"comment_status":"open","ping_status":"open","sticky":false,"template":"","format":"standard","meta":{"footnotes":""},"categories":[2],"tags":[172],"class_list":["post-34042","post","type-post","status-publish","format-standard","has-post-thumbnail","hentry","category-policial","tag-featured"],"amp_enabled":true,"_links":{"self":[{"href":"https:\/\/radiostudiow.com.br\/site\/wp-json\/wp\/v2\/posts\/34042","targetHints":{"allow":["GET"]}}],"collection":[{"href":"https:\/\/radiostudiow.com.br\/site\/wp-json\/wp\/v2\/posts"}],"about":[{"href":"https:\/\/radiostudiow.com.br\/site\/wp-json\/wp\/v2\/types\/post"}],"author":[{"embeddable":true,"href":"https:\/\/radiostudiow.com.br\/site\/wp-json\/wp\/v2\/users\/2"}],"replies":[{"embeddable":true,"href":"https:\/\/radiostudiow.com.br\/site\/wp-json\/wp\/v2\/comments?post=34042"}],"version-history":[{"count":3,"href":"https:\/\/radiostudiow.com.br\/site\/wp-json\/wp\/v2\/posts\/34042\/revisions"}],"predecessor-version":[{"id":34059,"href":"https:\/\/radiostudiow.com.br\/site\/wp-json\/wp\/v2\/posts\/34042\/revisions\/34059"}],"wp:featuredmedia":[{"embeddable":true,"href":"https:\/\/radiostudiow.com.br\/site\/wp-json\/wp\/v2\/media\/34043"}],"wp:attachment":[{"href":"https:\/\/radiostudiow.com.br\/site\/wp-json\/wp\/v2\/media?parent=34042"}],"wp:term":[{"taxonomy":"category","embeddable":true,"href":"https:\/\/radiostudiow.com.br\/site\/wp-json\/wp\/v2\/categories?post=34042"},{"taxonomy":"post_tag","embeddable":true,"href":"https:\/\/radiostudiow.com.br\/site\/wp-json\/wp\/v2\/tags?post=34042"}],"curies":[{"name":"wp","href":"https:\/\/api.w.org\/{rel}","templated":true}]}}