{"id":34045,"date":"2025-02-12T11:11:54","date_gmt":"2025-02-12T14:11:54","guid":{"rendered":"https:\/\/radiostudiow.com.br\/site\/?p=34045"},"modified":"2025-02-12T11:11:54","modified_gmt":"2025-02-12T14:11:54","slug":"uma-segunda-bicicleta-furtada-e-recuperada-e-autor-preso-em-uniao-da-vitoria","status":"publish","type":"post","link":"https:\/\/radiostudiow.com.br\/site\/2025\/02\/12\/uma-segunda-bicicleta-furtada-e-recuperada-e-autor-preso-em-uniao-da-vitoria\/","title":{"rendered":"Uma segunda bicicleta furtada \u00e9 recuperada e autor preso em Uni\u00e3o da Vit\u00f3ria"},"content":{"rendered":"\n<p>A equipe ROCAM foi acionada para atender uma ocorr\u00eancia de furto em uma resid\u00eancia por volta das 18h42min desta ter\u00e7a-feira (11).<\/p>\n\n\n\n<p>No local, a v\u00edtima informou que um homem havia invadido sua casa e levado sua bicicleta. A v\u00edtima, no entanto, conseguiu capturar fotos do autor, o que facilitou sua identifica\u00e7\u00e3o.<\/p>\n\n\n\n<figure class=\"wp-block-image size-full\"><img loading=\"lazy\" decoding=\"async\" width=\"300\" height=\"180\" src=\"https:\/\/radiostudiow.com.br\/site\/wp-content\/uploads\/2025\/01\/SITE-PEQUENO2.png\" alt=\"\" class=\"wp-image-32894\"\/><\/figure>\n\n\n\n<p>Com base nas informa\u00e7\u00f5es coletadas, os policiais se dirigiram at\u00e9 a resid\u00eancia do suspeito, onde conseguiram realizar a pris\u00e3o do homem e recuperar a bicicleta furtada.<\/p>\n\n\n\n<p>O autor quanto a v\u00edtima foram encaminhados \u00e0 delegacia para os procedimentos legais cab\u00edveis.<\/p>\n","protected":false},"excerpt":{"rendered":"<p>A equipe ROCAM foi acionada para atender uma ocorr\u00eancia de furto em uma resid\u00eancia por volta das 18h42min desta ter\u00e7a-feira (11). No local, a v\u00edtima informou que um homem havia invadido sua casa e levado sua bicicleta. A v\u00edtima, no entanto, conseguiu capturar fotos do autor, o que facilitou sua identifica\u00e7\u00e3o. Com base nas informa\u00e7\u00f5es [&hellip;]<\/p>\n","protected":false},"author":2,"featured_media":34046,"comment_status":"open","ping_status":"open","sticky":false,"template":"","format":"standard","meta":{"footnotes":""},"categories":[2],"tags":[172],"class_list":["post-34045","post","type-post","status-publish","format-standard","has-post-thumbnail","hentry","category-policial","tag-featured"],"amp_enabled":true,"_links":{"self":[{"href":"https:\/\/radiostudiow.com.br\/site\/wp-json\/wp\/v2\/posts\/34045","targetHints":{"allow":["GET"]}}],"collection":[{"href":"https:\/\/radiostudiow.com.br\/site\/wp-json\/wp\/v2\/posts"}],"about":[{"href":"https:\/\/radiostudiow.com.br\/site\/wp-json\/wp\/v2\/types\/post"}],"author":[{"embeddable":true,"href":"https:\/\/radiostudiow.com.br\/site\/wp-json\/wp\/v2\/users\/2"}],"replies":[{"embeddable":true,"href":"https:\/\/radiostudiow.com.br\/site\/wp-json\/wp\/v2\/comments?post=34045"}],"version-history":[{"count":2,"href":"https:\/\/radiostudiow.com.br\/site\/wp-json\/wp\/v2\/posts\/34045\/revisions"}],"predecessor-version":[{"id":34061,"href":"https:\/\/radiostudiow.com.br\/site\/wp-json\/wp\/v2\/posts\/34045\/revisions\/34061"}],"wp:featuredmedia":[{"embeddable":true,"href":"https:\/\/radiostudiow.com.br\/site\/wp-json\/wp\/v2\/media\/34046"}],"wp:attachment":[{"href":"https:\/\/radiostudiow.com.br\/site\/wp-json\/wp\/v2\/media?parent=34045"}],"wp:term":[{"taxonomy":"category","embeddable":true,"href":"https:\/\/radiostudiow.com.br\/site\/wp-json\/wp\/v2\/categories?post=34045"},{"taxonomy":"post_tag","embeddable":true,"href":"https:\/\/radiostudiow.com.br\/site\/wp-json\/wp\/v2\/tags?post=34045"}],"curies":[{"name":"wp","href":"https:\/\/api.w.org\/{rel}","templated":true}]}}