{"id":34048,"date":"2025-02-12T10:32:44","date_gmt":"2025-02-12T13:32:44","guid":{"rendered":"https:\/\/radiostudiow.com.br\/site\/?p=34048"},"modified":"2025-02-12T10:32:44","modified_gmt":"2025-02-12T13:32:44","slug":"incendio-em-caminhao-apresenta-indicios-de-crime-em-uniao-da-vitoria","status":"publish","type":"post","link":"https:\/\/radiostudiow.com.br\/site\/2025\/02\/12\/incendio-em-caminhao-apresenta-indicios-de-crime-em-uniao-da-vitoria\/","title":{"rendered":"Inc\u00eandio em caminh\u00e3o apresenta ind\u00edcios de crime em Uni\u00e3o da Vit\u00f3ria"},"content":{"rendered":"\n<p>Um inc\u00eandio de grandes propor\u00e7\u00f5es atingiu um caminh\u00e3o e parte de um barrac\u00e3o na localidade de Barra do Palmital, em Porto Almeida, Uni\u00e3o da Vit\u00f3ria. O Corpo de Bombeiros e a Pol\u00edcia Militar foram acionados para atender a ocorr\u00eancia e, ap\u00f3s a an\u00e1lise da situa\u00e7\u00e3o,o fogo foi classificado como criminoso.<\/p>\n\n\n\n<p>A den\u00fancia inicial foi feita pela propriet\u00e1ria do local, que forneceu informa\u00e7\u00f5es relevantes para a investiga\u00e7\u00e3o.\u00a0Segundo ela, a fam\u00edlia estava em uma festa em Rio do Meio no momento do inc\u00eandio e s\u00f3 tomou conhecimento do ocorrido ao retornar para casa, por volta das 19h45.<\/p>\n\n\n\n<figure class=\"wp-block-video\"><video height=\"474\" style=\"aspect-ratio: 848 \/ 474;\" width=\"848\" controls src=\"https:\/\/radiostudiow.com.br\/site\/wp-content\/uploads\/2025\/02\/WhatsApp-Video-2025-02-12-at-06.07.05.mp4\"><\/video><\/figure>\n\n\n\n<p><em><strong>\u201cChegamos e nos desesperamos ao ver tudo pegando fogo\u201d, relatou.\u00a0\u201cGra\u00e7as a Deus conseguimos evitar que o caminh\u00e3o fosse totalmente destru\u00eddo, mas o preju\u00edzo ainda \u00e9 grande. Perdemos o forno, o barrac\u00e3o, a estrutura foi comprometida e agora teremos que refazer tudo.\u201d<\/strong><\/em><\/p>\n\n\n\n<p>Al\u00e9m das perdas materiais, os moradores relataram uma suspeita sobre o autor do crime.<\/p>\n\n\n\n<p><strong><em>\u201cTemos certeza de quem foi, mas n\u00e3o sabemos o motivo\u201d, afirmaram.<\/em><\/strong><\/p>\n\n\n\n<figure class=\"wp-block-video\"><video controls src=\"https:\/\/radiostudiow.com.br\/site\/wp-content\/uploads\/2025\/02\/WhatsApp-Video-2025-02-12-at-06.07.00.mp4\"><\/video><\/figure>\n\n\n\n<p>O Corpo de Bombeiros atuou at\u00e9 a madrugada para controlar as chamas e evitar que o fogo se alastrasse ainda mais. No entanto, os danos estruturais no barrac\u00e3o e nos fornos foram severos, tornando invi\u00e1vel a continuidade das atividades no local sem uma reconstru\u00e7\u00e3o completa.<\/p>\n\n\n\n<p>A Pol\u00edcia Civil foi acionada para dar seguimento \u00e0s investiga\u00e7\u00f5es. A fam\u00edlia j\u00e1 prestou depoimento e apresentou os ind\u00edcios que possuem sobre o poss\u00edvel autor do inc\u00eandio.\u00a0A per\u00edcia tamb\u00e9m esteve no local para avaliar os estragos e coletar informa\u00e7\u00f5es que possam auxiliar na elucida\u00e7\u00e3o do caso.<\/p>\n\n\n\n<figure class=\"wp-block-image size-full\"><img loading=\"lazy\" decoding=\"async\" width=\"720\" height=\"405\" src=\"https:\/\/radiostudiow.com.br\/site\/wp-content\/uploads\/2025\/02\/image-49.png\" alt=\"\" class=\"wp-image-34050\" srcset=\"https:\/\/radiostudiow.com.br\/site\/wp-content\/uploads\/2025\/02\/image-49.png 720w, https:\/\/radiostudiow.com.br\/site\/wp-content\/uploads\/2025\/02\/image-49-300x169.png 300w\" sizes=\"auto, (max-width: 720px) 100vw, 720px\" \/><\/figure>\n\n\n\n<figure class=\"wp-block-image size-full\"><img loading=\"lazy\" decoding=\"async\" width=\"720\" height=\"405\" src=\"https:\/\/radiostudiow.com.br\/site\/wp-content\/uploads\/2025\/02\/image-50.png\" alt=\"\" class=\"wp-image-34051\" srcset=\"https:\/\/radiostudiow.com.br\/site\/wp-content\/uploads\/2025\/02\/image-50.png 720w, https:\/\/radiostudiow.com.br\/site\/wp-content\/uploads\/2025\/02\/image-50-300x169.png 300w\" sizes=\"auto, (max-width: 720px) 100vw, 720px\" \/><\/figure>\n","protected":false},"excerpt":{"rendered":"<p>Um inc\u00eandio de grandes propor\u00e7\u00f5es atingiu um caminh\u00e3o e parte de um barrac\u00e3o na localidade de Barra do Palmital, em Porto Almeida, Uni\u00e3o da Vit\u00f3ria. O Corpo de Bombeiros e a Pol\u00edcia Militar foram acionados para atender a ocorr\u00eancia e, ap\u00f3s a an\u00e1lise da situa\u00e7\u00e3o,o fogo foi classificado como criminoso. A den\u00fancia inicial foi feita [&hellip;]<\/p>\n","protected":false},"author":2,"featured_media":34049,"comment_status":"open","ping_status":"open","sticky":false,"template":"","format":"standard","meta":{"footnotes":""},"categories":[185],"tags":[172],"class_list":["post-34048","post","type-post","status-publish","format-standard","has-post-thumbnail","hentry","category-regional","tag-featured"],"amp_enabled":true,"_links":{"self":[{"href":"https:\/\/radiostudiow.com.br\/site\/wp-json\/wp\/v2\/posts\/34048","targetHints":{"allow":["GET"]}}],"collection":[{"href":"https:\/\/radiostudiow.com.br\/site\/wp-json\/wp\/v2\/posts"}],"about":[{"href":"https:\/\/radiostudiow.com.br\/site\/wp-json\/wp\/v2\/types\/post"}],"author":[{"embeddable":true,"href":"https:\/\/radiostudiow.com.br\/site\/wp-json\/wp\/v2\/users\/2"}],"replies":[{"embeddable":true,"href":"https:\/\/radiostudiow.com.br\/site\/wp-json\/wp\/v2\/comments?post=34048"}],"version-history":[{"count":1,"href":"https:\/\/radiostudiow.com.br\/site\/wp-json\/wp\/v2\/posts\/34048\/revisions"}],"predecessor-version":[{"id":34054,"href":"https:\/\/radiostudiow.com.br\/site\/wp-json\/wp\/v2\/posts\/34048\/revisions\/34054"}],"wp:featuredmedia":[{"embeddable":true,"href":"https:\/\/radiostudiow.com.br\/site\/wp-json\/wp\/v2\/media\/34049"}],"wp:attachment":[{"href":"https:\/\/radiostudiow.com.br\/site\/wp-json\/wp\/v2\/media?parent=34048"}],"wp:term":[{"taxonomy":"category","embeddable":true,"href":"https:\/\/radiostudiow.com.br\/site\/wp-json\/wp\/v2\/categories?post=34048"},{"taxonomy":"post_tag","embeddable":true,"href":"https:\/\/radiostudiow.com.br\/site\/wp-json\/wp\/v2\/tags?post=34048"}],"curies":[{"name":"wp","href":"https:\/\/api.w.org\/{rel}","templated":true}]}}