{"id":34067,"date":"2025-02-12T16:33:00","date_gmt":"2025-02-12T19:33:00","guid":{"rendered":"https:\/\/radiostudiow.com.br\/site\/?p=34067"},"modified":"2025-02-12T16:33:01","modified_gmt":"2025-02-12T19:33:01","slug":"caminhao-quase-derruba-postes-e-arrebenta-fios-em-sao-mateus-do-sul","status":"publish","type":"post","link":"https:\/\/radiostudiow.com.br\/site\/2025\/02\/12\/caminhao-quase-derruba-postes-e-arrebenta-fios-em-sao-mateus-do-sul\/","title":{"rendered":"Caminh\u00e3o quase derruba postes e arrebenta fios em S\u00e3o Mateus do Sul"},"content":{"rendered":"\n<p>Caminh\u00f5es com carga alta representam um grande risco para a infraestrutura el\u00e9trica e a seguran\u00e7a p\u00fablica. Uma carreta carregada de fumo causou problemas na fia\u00e7\u00e3o na tarde desta quarta-feira (12), na Vila Prohmann em S\u00e3o Mateus do Sul.<\/p>\n\n\n\n<figure class=\"wp-block-image size-full\"><img loading=\"lazy\" decoding=\"async\" width=\"897\" height=\"204\" src=\"https:\/\/radiostudiow.com.br\/site\/wp-content\/uploads\/2025\/01\/SITE-GRANDE2.png\" alt=\"\" class=\"wp-image-32805\" srcset=\"https:\/\/radiostudiow.com.br\/site\/wp-content\/uploads\/2025\/01\/SITE-GRANDE2.png 897w, https:\/\/radiostudiow.com.br\/site\/wp-content\/uploads\/2025\/01\/SITE-GRANDE2-300x68.png 300w, https:\/\/radiostudiow.com.br\/site\/wp-content\/uploads\/2025\/01\/SITE-GRANDE2-768x175.png 768w\" sizes=\"auto, (max-width: 897px) 100vw, 897px\" \/><\/figure>\n\n\n\n<p>Imagem enviada para a RDX, mostra o momento em que o condutor passa pela Rua Ledy Afonso Roderjan e derruba os fios. Dois postes tamb\u00e9m quase caem ap\u00f3s a passagem do ve\u00edculo de carga.&nbsp;<strong><em>(assista abaixo)<\/em><\/strong><\/p>\n\n\n\n<p>A Pol\u00edcia Militar de S\u00e3o Mateus do Sul foi acionada e est\u00e1 atendendo a ocorr\u00eancia neste momento. Em breve mais informa\u00e7\u00f5es.<\/p>\n\n\n\n<p>Para evitar esses riscos, \u00e9 essencial que os motoristas conhe\u00e7am a altura m\u00e1xima permitida nas vias, planejem a rota e fiquem atentos \u00e0 sinaliza\u00e7\u00e3o.<\/p>\n\n\n\n<figure class=\"wp-block-image size-full\"><img loading=\"lazy\" decoding=\"async\" width=\"300\" height=\"180\" src=\"https:\/\/radiostudiow.com.br\/site\/wp-content\/uploads\/2025\/01\/SITE-PEQUENO.png\" alt=\"\" class=\"wp-image-32833\"\/><\/figure>\n\n\n\n<figure class=\"wp-block-video\"><video height=\"1280\" style=\"aspect-ratio: 720 \/ 1280;\" width=\"720\" controls src=\"https:\/\/radiostudiow.com.br\/site\/wp-content\/uploads\/2025\/02\/Caminhao-quase-derruba-postes-e-arrebenta-fios-em-rua-da-Vila-Prohmann.mp4\"><\/video><\/figure>\n","protected":false},"excerpt":{"rendered":"<p>Caminh\u00f5es com carga alta representam um grande risco para a infraestrutura el\u00e9trica e a seguran\u00e7a p\u00fablica. Uma carreta carregada de fumo causou problemas na fia\u00e7\u00e3o na tarde desta quarta-feira (12), na Vila Prohmann em S\u00e3o Mateus do Sul. Imagem enviada para a RDX, mostra o momento em que o condutor passa pela Rua Ledy Afonso [&hellip;]<\/p>\n","protected":false},"author":2,"featured_media":34069,"comment_status":"open","ping_status":"open","sticky":false,"template":"","format":"standard","meta":{"footnotes":""},"categories":[185],"tags":[172],"class_list":["post-34067","post","type-post","status-publish","format-standard","has-post-thumbnail","hentry","category-regional","tag-featured"],"amp_enabled":true,"_links":{"self":[{"href":"https:\/\/radiostudiow.com.br\/site\/wp-json\/wp\/v2\/posts\/34067","targetHints":{"allow":["GET"]}}],"collection":[{"href":"https:\/\/radiostudiow.com.br\/site\/wp-json\/wp\/v2\/posts"}],"about":[{"href":"https:\/\/radiostudiow.com.br\/site\/wp-json\/wp\/v2\/types\/post"}],"author":[{"embeddable":true,"href":"https:\/\/radiostudiow.com.br\/site\/wp-json\/wp\/v2\/users\/2"}],"replies":[{"embeddable":true,"href":"https:\/\/radiostudiow.com.br\/site\/wp-json\/wp\/v2\/comments?post=34067"}],"version-history":[{"count":1,"href":"https:\/\/radiostudiow.com.br\/site\/wp-json\/wp\/v2\/posts\/34067\/revisions"}],"predecessor-version":[{"id":34070,"href":"https:\/\/radiostudiow.com.br\/site\/wp-json\/wp\/v2\/posts\/34067\/revisions\/34070"}],"wp:featuredmedia":[{"embeddable":true,"href":"https:\/\/radiostudiow.com.br\/site\/wp-json\/wp\/v2\/media\/34069"}],"wp:attachment":[{"href":"https:\/\/radiostudiow.com.br\/site\/wp-json\/wp\/v2\/media?parent=34067"}],"wp:term":[{"taxonomy":"category","embeddable":true,"href":"https:\/\/radiostudiow.com.br\/site\/wp-json\/wp\/v2\/categories?post=34067"},{"taxonomy":"post_tag","embeddable":true,"href":"https:\/\/radiostudiow.com.br\/site\/wp-json\/wp\/v2\/tags?post=34067"}],"curies":[{"name":"wp","href":"https:\/\/api.w.org\/{rel}","templated":true}]}}