{"id":34071,"date":"2025-02-12T16:36:05","date_gmt":"2025-02-12T19:36:05","guid":{"rendered":"https:\/\/radiostudiow.com.br\/site\/?p=34071"},"modified":"2025-02-12T16:36:45","modified_gmt":"2025-02-12T19:36:45","slug":"colisao-entre-carretas-na-br-476-espalha-carga-de-milho-na-pista","status":"publish","type":"post","link":"https:\/\/radiostudiow.com.br\/site\/2025\/02\/12\/colisao-entre-carretas-na-br-476-espalha-carga-de-milho-na-pista\/","title":{"rendered":"Colis\u00e3o entre carretas espalha carga de milho na BR-476 em S\u00e3o Mateus do Sul"},"content":{"rendered":"\n<figure class=\"wp-block-image size-full\"><img loading=\"lazy\" decoding=\"async\" width=\"897\" height=\"204\" src=\"https:\/\/radiostudiow.com.br\/site\/wp-content\/uploads\/2025\/01\/SITE-GRANDE.png\" alt=\"\" class=\"wp-image-32809\" srcset=\"https:\/\/radiostudiow.com.br\/site\/wp-content\/uploads\/2025\/01\/SITE-GRANDE.png 897w, https:\/\/radiostudiow.com.br\/site\/wp-content\/uploads\/2025\/01\/SITE-GRANDE-300x68.png 300w, https:\/\/radiostudiow.com.br\/site\/wp-content\/uploads\/2025\/01\/SITE-GRANDE-768x175.png 768w\" sizes=\"auto, (max-width: 897px) 100vw, 897px\" \/><\/figure>\n\n\n\n<p>Na manh\u00e3 desta ter\u00e7a-feira, 12, uma colis\u00e3o entre duas carretas foi registrada no km 309 da BR-476, em S\u00e3o Mateus do Sul. Um dos ve\u00edculos estava carregado com milho, e a carga ficou espalhada na pista ap\u00f3s o impacto.<\/p>\n\n\n\n<figure class=\"wp-block-image\" id=\"attachment_557891\"><img decoding=\"async\" src=\"https:\/\/static5.vvale.com.br\/wp-content\/uploads\/2025\/02\/mi.jpg\" alt=\"\" class=\"wp-image-557891\"\/><figcaption class=\"wp-element-caption\"><em>Fonte: Samas Sul lista<\/em><\/figcaption><\/figure>\n\n\n\n<p>Apesar do acidente, n\u00e3o houve interdi\u00e7\u00e3o da rodovia, pois ambos os caminh\u00f5es permaneceram fora da faixa de rolamento. Equipes de atendimento foram acionadas para prestar suporte no local e garantir a seguran\u00e7a dos motoristas e demais condutores que trafegavam pela via.<\/p>\n\n\n\n<p>&nbsp;Motoristas que passam pelo trecho devem redobrar a aten\u00e7\u00e3o devido \u00e0 presen\u00e7a da carga na pista.<\/p>\n\n\n\n<figure class=\"wp-block-image size-full\"><img loading=\"lazy\" decoding=\"async\" width=\"300\" height=\"180\" src=\"https:\/\/radiostudiow.com.br\/site\/wp-content\/uploads\/2025\/01\/SITE-PEQUENO3.png\" alt=\"\" class=\"wp-image-32851\"\/><\/figure>\n\n\n\n<figure class=\"wp-block-video\"><video height=\"850\" style=\"aspect-ratio: 478 \/ 850;\" width=\"478\" controls src=\"https:\/\/radiostudiow.com.br\/site\/wp-content\/uploads\/2025\/02\/WhatsApp-Video-2025-02-12-at-10.59.31.mp4\"><\/video><\/figure>\n\n\n\n<p><em>Fonte: Samas Sul lista<\/em><a href=\"mailto:?subject=Colis%C3%A3o%20entre%20carretas%20na%20BR-476%20espalha%20carga%20de%20milho%20na%20pista&amp;body=https:\/\/www.vvale.com.br\/transito\/colisao-entre-carretas-na-br-476-espalha-carga-de-milho-na-pista\/\" target=\"_blank\" rel=\"noreferrer noopener\"><\/a><\/p>\n\n\n\n<p><\/p>\n","protected":false},"excerpt":{"rendered":"<p>Na manh\u00e3 desta ter\u00e7a-feira, 12, uma colis\u00e3o entre duas carretas foi registrada no km 309 da BR-476, em S\u00e3o Mateus do Sul. Um dos ve\u00edculos estava carregado com milho, e a carga ficou espalhada na pista ap\u00f3s o impacto. Apesar do acidente, n\u00e3o houve interdi\u00e7\u00e3o da rodovia, pois ambos os caminh\u00f5es permaneceram fora da faixa [&hellip;]<\/p>\n","protected":false},"author":2,"featured_media":34072,"comment_status":"open","ping_status":"open","sticky":false,"template":"","format":"standard","meta":{"footnotes":""},"categories":[185],"tags":[172],"class_list":["post-34071","post","type-post","status-publish","format-standard","has-post-thumbnail","hentry","category-regional","tag-featured"],"amp_enabled":true,"_links":{"self":[{"href":"https:\/\/radiostudiow.com.br\/site\/wp-json\/wp\/v2\/posts\/34071","targetHints":{"allow":["GET"]}}],"collection":[{"href":"https:\/\/radiostudiow.com.br\/site\/wp-json\/wp\/v2\/posts"}],"about":[{"href":"https:\/\/radiostudiow.com.br\/site\/wp-json\/wp\/v2\/types\/post"}],"author":[{"embeddable":true,"href":"https:\/\/radiostudiow.com.br\/site\/wp-json\/wp\/v2\/users\/2"}],"replies":[{"embeddable":true,"href":"https:\/\/radiostudiow.com.br\/site\/wp-json\/wp\/v2\/comments?post=34071"}],"version-history":[{"count":3,"href":"https:\/\/radiostudiow.com.br\/site\/wp-json\/wp\/v2\/posts\/34071\/revisions"}],"predecessor-version":[{"id":34077,"href":"https:\/\/radiostudiow.com.br\/site\/wp-json\/wp\/v2\/posts\/34071\/revisions\/34077"}],"wp:featuredmedia":[{"embeddable":true,"href":"https:\/\/radiostudiow.com.br\/site\/wp-json\/wp\/v2\/media\/34072"}],"wp:attachment":[{"href":"https:\/\/radiostudiow.com.br\/site\/wp-json\/wp\/v2\/media?parent=34071"}],"wp:term":[{"taxonomy":"category","embeddable":true,"href":"https:\/\/radiostudiow.com.br\/site\/wp-json\/wp\/v2\/categories?post=34071"},{"taxonomy":"post_tag","embeddable":true,"href":"https:\/\/radiostudiow.com.br\/site\/wp-json\/wp\/v2\/tags?post=34071"}],"curies":[{"name":"wp","href":"https:\/\/api.w.org\/{rel}","templated":true}]}}