{"id":34078,"date":"2025-02-12T16:22:56","date_gmt":"2025-02-12T19:22:56","guid":{"rendered":"https:\/\/radiostudiow.com.br\/site\/?p=34078"},"modified":"2025-02-14T18:18:04","modified_gmt":"2025-02-14T21:18:04","slug":"reuniao-com-liderancas-da-regiao-buscam-solucoes-urgentes-da-br-153","status":"publish","type":"post","link":"https:\/\/radiostudiow.com.br\/site\/2025\/02\/12\/reuniao-com-liderancas-da-regiao-buscam-solucoes-urgentes-da-br-153\/","title":{"rendered":"Reuni\u00e3o com lideran\u00e7as da regi\u00e3o buscam solu\u00e7\u00f5es Urgentes da\u00a0BR-153"},"content":{"rendered":"\n<p>Reuni\u00e3o ocorreu na manh\u00e3 dessa segunda-feira, 10 de fevereiro, e contou com a participa\u00e7\u00e3o dos representantes das cidades de Mallet, Paulo Frontin, Rio Azul e Rebou\u00e7as para melhoria da rodovia BR-153.<\/p>\n\n\n\n<figure class=\"wp-block-embed is-type-video is-provider-youtube wp-block-embed-youtube wp-embed-aspect-16-9 wp-has-aspect-ratio\"><div class=\"wp-block-embed__wrapper\">\n<iframe loading=\"lazy\" title=\"W Not\u00edcias: Reuni\u00e3o com lideran\u00e7as da regi\u00e3o buscam solu\u00e7\u00f5es Urgentes da BR-153\" width=\"740\" height=\"416\" src=\"https:\/\/www.youtube.com\/embed\/Fp-x8svJJZI?feature=oembed\" frameborder=\"0\" allow=\"accelerometer; autoplay; clipboard-write; encrypted-media; gyroscope; picture-in-picture; web-share\" referrerpolicy=\"strict-origin-when-cross-origin\" allowfullscreen><\/iframe>\n<\/div><\/figure>\n","protected":false},"excerpt":{"rendered":"<p>Reuni\u00e3o ocorreu na manh\u00e3 dessa segunda-feira, 10 de fevereiro, e contou com a participa\u00e7\u00e3o dos representantes das cidades de Mallet, Paulo Frontin, Rio Azul e Rebou\u00e7as para melhoria da rodovia BR-153.<\/p>\n","protected":false},"author":2,"featured_media":34190,"comment_status":"open","ping_status":"open","sticky":false,"template":"","format":"standard","meta":{"footnotes":""},"categories":[184],"tags":[172],"class_list":["post-34078","post","type-post","status-publish","format-standard","has-post-thumbnail","hentry","category-local","tag-featured"],"amp_enabled":true,"_links":{"self":[{"href":"https:\/\/radiostudiow.com.br\/site\/wp-json\/wp\/v2\/posts\/34078","targetHints":{"allow":["GET"]}}],"collection":[{"href":"https:\/\/radiostudiow.com.br\/site\/wp-json\/wp\/v2\/posts"}],"about":[{"href":"https:\/\/radiostudiow.com.br\/site\/wp-json\/wp\/v2\/types\/post"}],"author":[{"embeddable":true,"href":"https:\/\/radiostudiow.com.br\/site\/wp-json\/wp\/v2\/users\/2"}],"replies":[{"embeddable":true,"href":"https:\/\/radiostudiow.com.br\/site\/wp-json\/wp\/v2\/comments?post=34078"}],"version-history":[{"count":2,"href":"https:\/\/radiostudiow.com.br\/site\/wp-json\/wp\/v2\/posts\/34078\/revisions"}],"predecessor-version":[{"id":34188,"href":"https:\/\/radiostudiow.com.br\/site\/wp-json\/wp\/v2\/posts\/34078\/revisions\/34188"}],"wp:featuredmedia":[{"embeddable":true,"href":"https:\/\/radiostudiow.com.br\/site\/wp-json\/wp\/v2\/media\/34190"}],"wp:attachment":[{"href":"https:\/\/radiostudiow.com.br\/site\/wp-json\/wp\/v2\/media?parent=34078"}],"wp:term":[{"taxonomy":"category","embeddable":true,"href":"https:\/\/radiostudiow.com.br\/site\/wp-json\/wp\/v2\/categories?post=34078"},{"taxonomy":"post_tag","embeddable":true,"href":"https:\/\/radiostudiow.com.br\/site\/wp-json\/wp\/v2\/tags?post=34078"}],"curies":[{"name":"wp","href":"https:\/\/api.w.org\/{rel}","templated":true}]}}