{"id":34084,"date":"2025-02-12T20:58:29","date_gmt":"2025-02-12T23:58:29","guid":{"rendered":"https:\/\/radiostudiow.com.br\/site\/?p=34084"},"modified":"2025-02-12T20:58:29","modified_gmt":"2025-02-12T23:58:29","slug":"acidente-entre-caminhoes-com-carga-inflamavel-explode-em-rodovia-e-motorista-escapa-no-meio-do-fogo","status":"publish","type":"post","link":"https:\/\/radiostudiow.com.br\/site\/2025\/02\/12\/acidente-entre-caminhoes-com-carga-inflamavel-explode-em-rodovia-e-motorista-escapa-no-meio-do-fogo\/","title":{"rendered":"Acidente entre caminh\u00f5es com carga inflam\u00e1vel explode em rodovia e motorista escapa no meio do fogo"},"content":{"rendered":"\n<p>Um grave acidente envolvendo dois caminh\u00f5es carregados com produtos inflam\u00e1veis foi registrado nesta quarta-feira, 12 de fevereiro, no km 218 da PR-092, em Arapoti, na regi\u00e3o dos Campos Gerais do Paran\u00e1.<br>Imagens de c\u00e2meras de seguran\u00e7a e de internautas flagraram o momento da colis\u00e3o e est\u00e3o circulando amplamente nas redes sociais.<\/p>\n\n\n\n<figure class=\"wp-block-image size-full\"><img loading=\"lazy\" decoding=\"async\" width=\"897\" height=\"204\" src=\"https:\/\/radiostudiow.com.br\/site\/wp-content\/uploads\/2025\/01\/SITE-GRANDE5.png\" alt=\"\" class=\"wp-image-32814\" srcset=\"https:\/\/radiostudiow.com.br\/site\/wp-content\/uploads\/2025\/01\/SITE-GRANDE5.png 897w, https:\/\/radiostudiow.com.br\/site\/wp-content\/uploads\/2025\/01\/SITE-GRANDE5-300x68.png 300w, https:\/\/radiostudiow.com.br\/site\/wp-content\/uploads\/2025\/01\/SITE-GRANDE5-768x175.png 768w\" sizes=\"auto, (max-width: 897px) 100vw, 897px\" \/><\/figure>\n\n\n\n<p>As imagens mostram um dos motoristas pulando da cabine logo ap\u00f3s o impacto, o que resultou em sua queda do viaduto. Os caminh\u00f5es transportavam massa asf\u00e1ltica e nafta, produtos que potencializaram o inc\u00eandio que se seguiu \u00e0 colis\u00e3o.<\/p>\n\n\n\n<p>De acordo com informa\u00e7\u00f5es do Portal Banda B, o Corpo de Bombeiros conseguiu controlar o fogo pr\u00f3ximo ao meio-dia. O acidente causou um congestionamento de tr\u00eas quil\u00f4metros no sentido Santo Ant\u00f4nio da Platina e de dois quil\u00f4metros na pista oposta, que leva a Jaguaria\u00edva.<\/p>\n\n\n\n<p>At\u00e9 o fechamento desta mat\u00e9ria, ainda n\u00e3o havia informa\u00e7\u00f5es divulgadas sobre o estado das v\u00edtimas. As autoridades seguem monitorando a situa\u00e7\u00e3o.<\/p>\n\n\n\n<figure class=\"wp-block-image size-full\"><img loading=\"lazy\" decoding=\"async\" width=\"598\" height=\"204\" src=\"https:\/\/radiostudiow.com.br\/site\/wp-content\/uploads\/2025\/01\/SITE-MEDIO7.png\" alt=\"\" class=\"wp-image-32801\" srcset=\"https:\/\/radiostudiow.com.br\/site\/wp-content\/uploads\/2025\/01\/SITE-MEDIO7.png 598w, https:\/\/radiostudiow.com.br\/site\/wp-content\/uploads\/2025\/01\/SITE-MEDIO7-300x102.png 300w\" sizes=\"auto, (max-width: 598px) 100vw, 598px\" \/><\/figure>\n\n\n\n<figure class=\"wp-block-embed is-type-video is-provider-youtube wp-block-embed-youtube wp-embed-aspect-16-9 wp-has-aspect-ratio\"><div class=\"wp-block-embed__wrapper\">\n<iframe loading=\"lazy\" title=\"Acidente entre caminh\u00f5es com carga inflam\u00e1vel explode em rodovia e motorista escapa no meio do fogo\" width=\"740\" height=\"416\" src=\"https:\/\/www.youtube.com\/embed\/xmzReh6tCyk?feature=oembed\" frameborder=\"0\" allow=\"accelerometer; autoplay; clipboard-write; encrypted-media; gyroscope; picture-in-picture; web-share\" referrerpolicy=\"strict-origin-when-cross-origin\" allowfullscreen><\/iframe>\n<\/div><\/figure>\n\n\n\n<p><em>Mais imagens da VVALE e de internautas<\/em><\/p>\n\n\n\n<figure class=\"wp-block-gallery has-nested-images columns-default is-cropped wp-block-gallery-1 is-layout-flex wp-block-gallery-is-layout-flex\">\n<figure class=\"wp-block-image size-large\"><img loading=\"lazy\" decoding=\"async\" width=\"554\" height=\"317\" data-id=\"34088\" src=\"https:\/\/radiostudiow.com.br\/site\/wp-content\/uploads\/2025\/02\/05.jpeg\" alt=\"\" class=\"wp-image-34088\" srcset=\"https:\/\/radiostudiow.com.br\/site\/wp-content\/uploads\/2025\/02\/05.jpeg 554w, https:\/\/radiostudiow.com.br\/site\/wp-content\/uploads\/2025\/02\/05-300x172.jpeg 300w\" sizes=\"auto, (max-width: 554px) 100vw, 554px\" \/><\/figure>\n<\/figure>\n\n\n\n<figure class=\"wp-block-image size-large\"><img loading=\"lazy\" decoding=\"async\" width=\"576\" height=\"1024\" src=\"https:\/\/radiostudiow.com.br\/site\/wp-content\/uploads\/2025\/02\/06-576x1024.png\" alt=\"\" class=\"wp-image-34087\" srcset=\"https:\/\/radiostudiow.com.br\/site\/wp-content\/uploads\/2025\/02\/06-576x1024.png 576w, https:\/\/radiostudiow.com.br\/site\/wp-content\/uploads\/2025\/02\/06-169x300.png 169w, https:\/\/radiostudiow.com.br\/site\/wp-content\/uploads\/2025\/02\/06-768x1365.png 768w, https:\/\/radiostudiow.com.br\/site\/wp-content\/uploads\/2025\/02\/06-864x1536.png 864w, https:\/\/radiostudiow.com.br\/site\/wp-content\/uploads\/2025\/02\/06.png 900w\" sizes=\"auto, (max-width: 576px) 100vw, 576px\" \/><\/figure>\n","protected":false},"excerpt":{"rendered":"<p>Um grave acidente envolvendo dois caminh\u00f5es carregados com produtos inflam\u00e1veis foi registrado nesta quarta-feira, 12 de fevereiro, no km 218 da PR-092, em Arapoti, na regi\u00e3o dos Campos Gerais do Paran\u00e1.Imagens de c\u00e2meras de seguran\u00e7a e de internautas flagraram o momento da colis\u00e3o e est\u00e3o circulando amplamente nas redes sociais. As imagens mostram um dos [&hellip;]<\/p>\n","protected":false},"author":2,"featured_media":34086,"comment_status":"open","ping_status":"open","sticky":false,"template":"","format":"standard","meta":{"footnotes":""},"categories":[185],"tags":[172],"class_list":["post-34084","post","type-post","status-publish","format-standard","has-post-thumbnail","hentry","category-regional","tag-featured"],"amp_enabled":true,"_links":{"self":[{"href":"https:\/\/radiostudiow.com.br\/site\/wp-json\/wp\/v2\/posts\/34084","targetHints":{"allow":["GET"]}}],"collection":[{"href":"https:\/\/radiostudiow.com.br\/site\/wp-json\/wp\/v2\/posts"}],"about":[{"href":"https:\/\/radiostudiow.com.br\/site\/wp-json\/wp\/v2\/types\/post"}],"author":[{"embeddable":true,"href":"https:\/\/radiostudiow.com.br\/site\/wp-json\/wp\/v2\/users\/2"}],"replies":[{"embeddable":true,"href":"https:\/\/radiostudiow.com.br\/site\/wp-json\/wp\/v2\/comments?post=34084"}],"version-history":[{"count":1,"href":"https:\/\/radiostudiow.com.br\/site\/wp-json\/wp\/v2\/posts\/34084\/revisions"}],"predecessor-version":[{"id":34089,"href":"https:\/\/radiostudiow.com.br\/site\/wp-json\/wp\/v2\/posts\/34084\/revisions\/34089"}],"wp:featuredmedia":[{"embeddable":true,"href":"https:\/\/radiostudiow.com.br\/site\/wp-json\/wp\/v2\/media\/34086"}],"wp:attachment":[{"href":"https:\/\/radiostudiow.com.br\/site\/wp-json\/wp\/v2\/media?parent=34084"}],"wp:term":[{"taxonomy":"category","embeddable":true,"href":"https:\/\/radiostudiow.com.br\/site\/wp-json\/wp\/v2\/categories?post=34084"},{"taxonomy":"post_tag","embeddable":true,"href":"https:\/\/radiostudiow.com.br\/site\/wp-json\/wp\/v2\/tags?post=34084"}],"curies":[{"name":"wp","href":"https:\/\/api.w.org\/{rel}","templated":true}]}}