{"id":34095,"date":"2025-02-13T16:27:24","date_gmt":"2025-02-13T19:27:24","guid":{"rendered":"https:\/\/radiostudiow.com.br\/site\/?p=34095"},"modified":"2025-02-13T16:27:24","modified_gmt":"2025-02-13T19:27:24","slug":"pm-registra-caso-de-violencia-domestica-em-uniao-da-vitoria","status":"publish","type":"post","link":"https:\/\/radiostudiow.com.br\/site\/2025\/02\/13\/pm-registra-caso-de-violencia-domestica-em-uniao-da-vitoria\/","title":{"rendered":"PM registra caso de viol\u00eancia dom\u00e9stica em Uni\u00e3o da Vit\u00f3ria"},"content":{"rendered":"\n<p>A equipe da Pol\u00edcia Militar de Uni\u00e3o da Vit\u00f3ria foi acionada para atender a uma situa\u00e7\u00e3o de Pris\u00e3o de autor de les\u00e3o corporal em condi\u00e7\u00e3o de viol\u00eancia dom\u00e9stica e familiar no distrito de S\u00e3o Crist\u00f3v\u00e3o por volta das 23h25min dessa quarta-feira (12).<\/p>\n\n\n\n<figure class=\"wp-block-image size-full\"><img loading=\"lazy\" decoding=\"async\" width=\"300\" height=\"180\" src=\"https:\/\/radiostudiow.com.br\/site\/wp-content\/uploads\/2025\/01\/SITE-PEQUENO.png\" alt=\"\" class=\"wp-image-32833\"\/><\/figure>\n\n\n\n<p>No local, a v\u00edtima relatou aos policiais que havia sido agredida e amea\u00e7ada por seu convivente, o qual estava embriagado. Diante da situa\u00e7\u00e3o, foi constatado que o autor foi preso em flagrante e conduzido \u00e0 delegacia para osprocedimentos judiciais.<\/p>\n","protected":false},"excerpt":{"rendered":"<p>A equipe da Pol\u00edcia Militar de Uni\u00e3o da Vit\u00f3ria foi acionada para atender a uma situa\u00e7\u00e3o de Pris\u00e3o de autor de les\u00e3o corporal em condi\u00e7\u00e3o de viol\u00eancia dom\u00e9stica e familiar no distrito de S\u00e3o Crist\u00f3v\u00e3o por volta das 23h25min dessa quarta-feira (12). No local, a v\u00edtima relatou aos policiais que havia sido agredida e amea\u00e7ada [&hellip;]<\/p>\n","protected":false},"author":2,"featured_media":27131,"comment_status":"open","ping_status":"open","sticky":false,"template":"","format":"standard","meta":{"footnotes":""},"categories":[2],"tags":[172],"class_list":["post-34095","post","type-post","status-publish","format-standard","has-post-thumbnail","hentry","category-policial","tag-featured"],"amp_enabled":true,"_links":{"self":[{"href":"https:\/\/radiostudiow.com.br\/site\/wp-json\/wp\/v2\/posts\/34095","targetHints":{"allow":["GET"]}}],"collection":[{"href":"https:\/\/radiostudiow.com.br\/site\/wp-json\/wp\/v2\/posts"}],"about":[{"href":"https:\/\/radiostudiow.com.br\/site\/wp-json\/wp\/v2\/types\/post"}],"author":[{"embeddable":true,"href":"https:\/\/radiostudiow.com.br\/site\/wp-json\/wp\/v2\/users\/2"}],"replies":[{"embeddable":true,"href":"https:\/\/radiostudiow.com.br\/site\/wp-json\/wp\/v2\/comments?post=34095"}],"version-history":[{"count":3,"href":"https:\/\/radiostudiow.com.br\/site\/wp-json\/wp\/v2\/posts\/34095\/revisions"}],"predecessor-version":[{"id":34137,"href":"https:\/\/radiostudiow.com.br\/site\/wp-json\/wp\/v2\/posts\/34095\/revisions\/34137"}],"wp:featuredmedia":[{"embeddable":true,"href":"https:\/\/radiostudiow.com.br\/site\/wp-json\/wp\/v2\/media\/27131"}],"wp:attachment":[{"href":"https:\/\/radiostudiow.com.br\/site\/wp-json\/wp\/v2\/media?parent=34095"}],"wp:term":[{"taxonomy":"category","embeddable":true,"href":"https:\/\/radiostudiow.com.br\/site\/wp-json\/wp\/v2\/categories?post=34095"},{"taxonomy":"post_tag","embeddable":true,"href":"https:\/\/radiostudiow.com.br\/site\/wp-json\/wp\/v2\/tags?post=34095"}],"curies":[{"name":"wp","href":"https:\/\/api.w.org\/{rel}","templated":true}]}}