{"id":34097,"date":"2025-02-13T09:24:59","date_gmt":"2025-02-13T12:24:59","guid":{"rendered":"https:\/\/radiostudiow.com.br\/site\/?p=34097"},"modified":"2025-02-13T09:24:59","modified_gmt":"2025-02-13T12:24:59","slug":"secretaria-de-saude-de-uniao-da-vitoria-emite-nota-apos-acidente-com-van","status":"publish","type":"post","link":"https:\/\/radiostudiow.com.br\/site\/2025\/02\/13\/secretaria-de-saude-de-uniao-da-vitoria-emite-nota-apos-acidente-com-van\/","title":{"rendered":"Secret\u00e1ria de Sa\u00fade de Uni\u00e3o da Vit\u00f3ria emite nota ap\u00f3s acidente com Van"},"content":{"rendered":"\n<p>Uma van da Secretaria Municipal de Sa\u00fade de Uni\u00e3o da Vit\u00f3ria, que transportava 18 pacientes de volta de Curitiba, se envolveu em um acidente na noite desta quarta-feira (12).<\/p>\n\n\n\n<p>Segundo informa\u00e7\u00f5es, o acidente aconteceu na rodovia BR-476, na regi\u00e3o da Col\u00f4nia Luzia, em Paula Freitas, quando a van colidiu com um caminh\u00e3o.<\/p>\n\n\n\n<p>O SAMU foi chamado ao local, mas felizmente n\u00e3o houve feridos, e nenhum dos passageiros precisou de atendimento m\u00e9dico.<\/p>\n\n\n\n<figure class=\"wp-block-image size-full\"><img loading=\"lazy\" decoding=\"async\" width=\"897\" height=\"204\" src=\"https:\/\/radiostudiow.com.br\/site\/wp-content\/uploads\/2025\/01\/SITE-GRANDE5.png\" alt=\"\" class=\"wp-image-32814\" srcset=\"https:\/\/radiostudiow.com.br\/site\/wp-content\/uploads\/2025\/01\/SITE-GRANDE5.png 897w, https:\/\/radiostudiow.com.br\/site\/wp-content\/uploads\/2025\/01\/SITE-GRANDE5-300x68.png 300w, https:\/\/radiostudiow.com.br\/site\/wp-content\/uploads\/2025\/01\/SITE-GRANDE5-768x175.png 768w\" sizes=\"auto, (max-width: 897px) 100vw, 897px\" \/><\/figure>\n\n\n\n<p>A Prefeitura de Uni\u00e3o da Vit\u00f3ria providenciou o apoio necess\u00e1rio, enviando ve\u00edculos reservas para levar os pacientes at\u00e9 suas casas. A administra\u00e7\u00e3o divulgou uma nota sobre o ocorrido:<\/p>\n\n\n\n<blockquote class=\"wp-block-quote is-layout-flow wp-block-quote-is-layout-flow\">\n<p><strong><em>NOTA OFICIAL<\/em><\/strong><\/p>\n\n\n\n<p><strong><em>A Secretaria de Sa\u00fade de Uni\u00e3o da Vit\u00f3ria informa que infelizmente uma van que retornava com pacientes da cidade de Curitiba se envolveu em um acidente na BR 476, na noite desta quarta-feira, 12.<\/em><\/strong><br><strong><em>O ve\u00edculo colidiu com o espelho retrovisor de um caminh\u00e3o, o que ocasionou a quebra de um dos vidros da van, causando ferimentos leves em um dos pacientes.<\/em><\/strong><br><strong><em>O SAMU e a Pol\u00edcia Rodovi\u00e1ria foram acionados e prestaram atendimento. Todos os pacientes j\u00e1 retornaram para a cidade com ve\u00edculos de apoio disponibilizados pela Secretaria.<\/em><\/strong><br><strong><em>A Secretaria de Sa\u00fade lamenta o ocorrido, ressalta que est\u00e1 tomando todas as medidas pertinentes ao incidente e reitera que foi prestado imediatamente o atendimento aos pacientes envolvidos no acidente, garantindo o retorno para suas resid\u00eancias em seguran\u00e7a.<\/em><\/strong><\/p>\n<\/blockquote>\n\n\n\n<figure class=\"wp-block-image size-full\"><img decoding=\"async\" src=\"https:\/\/radiostudiow.com.br\/site\/wp-content\/uploads\/2025\/02\/SITE-E-TV.png\" alt=\"\" class=\"wp-image-33896\"\/><\/figure>\n","protected":false},"excerpt":{"rendered":"<p>Uma van da Secretaria Municipal de Sa\u00fade de Uni\u00e3o da Vit\u00f3ria, que transportava 18 pacientes de volta de Curitiba, se envolveu em um acidente na noite desta quarta-feira (12). Segundo informa\u00e7\u00f5es, o acidente aconteceu na rodovia BR-476, na regi\u00e3o da Col\u00f4nia Luzia, em Paula Freitas, quando a van colidiu com um caminh\u00e3o. O SAMU foi [&hellip;]<\/p>\n","protected":false},"author":2,"featured_media":34098,"comment_status":"open","ping_status":"open","sticky":false,"template":"","format":"standard","meta":{"footnotes":""},"categories":[185],"tags":[172],"class_list":["post-34097","post","type-post","status-publish","format-standard","has-post-thumbnail","hentry","category-regional","tag-featured"],"amp_enabled":true,"_links":{"self":[{"href":"https:\/\/radiostudiow.com.br\/site\/wp-json\/wp\/v2\/posts\/34097","targetHints":{"allow":["GET"]}}],"collection":[{"href":"https:\/\/radiostudiow.com.br\/site\/wp-json\/wp\/v2\/posts"}],"about":[{"href":"https:\/\/radiostudiow.com.br\/site\/wp-json\/wp\/v2\/types\/post"}],"author":[{"embeddable":true,"href":"https:\/\/radiostudiow.com.br\/site\/wp-json\/wp\/v2\/users\/2"}],"replies":[{"embeddable":true,"href":"https:\/\/radiostudiow.com.br\/site\/wp-json\/wp\/v2\/comments?post=34097"}],"version-history":[{"count":1,"href":"https:\/\/radiostudiow.com.br\/site\/wp-json\/wp\/v2\/posts\/34097\/revisions"}],"predecessor-version":[{"id":34099,"href":"https:\/\/radiostudiow.com.br\/site\/wp-json\/wp\/v2\/posts\/34097\/revisions\/34099"}],"wp:featuredmedia":[{"embeddable":true,"href":"https:\/\/radiostudiow.com.br\/site\/wp-json\/wp\/v2\/media\/34098"}],"wp:attachment":[{"href":"https:\/\/radiostudiow.com.br\/site\/wp-json\/wp\/v2\/media?parent=34097"}],"wp:term":[{"taxonomy":"category","embeddable":true,"href":"https:\/\/radiostudiow.com.br\/site\/wp-json\/wp\/v2\/categories?post=34097"},{"taxonomy":"post_tag","embeddable":true,"href":"https:\/\/radiostudiow.com.br\/site\/wp-json\/wp\/v2\/tags?post=34097"}],"curies":[{"name":"wp","href":"https:\/\/api.w.org\/{rel}","templated":true}]}}