{"id":34103,"date":"2025-02-13T09:31:17","date_gmt":"2025-02-13T12:31:17","guid":{"rendered":"https:\/\/radiostudiow.com.br\/site\/?p=34103"},"modified":"2025-02-13T09:31:18","modified_gmt":"2025-02-13T12:31:18","slug":"homem-acusado-de-homicidio-foi-preso-em-uniao-da-vitoria","status":"publish","type":"post","link":"https:\/\/radiostudiow.com.br\/site\/2025\/02\/13\/homem-acusado-de-homicidio-foi-preso-em-uniao-da-vitoria\/","title":{"rendered":"Homem acusado de homic\u00eddio foi preso em Uni\u00e3o da Vit\u00f3ria"},"content":{"rendered":"\n<p>Uma equipe da ROTAM realizava patrulhamento no bairro Cidade Jardim, em Uni\u00e3o da Vit\u00f3ria, quando abordou um homem suspeito por volta das 18h43min desta quarta-feira (12).<\/p>\n\n\n\n<figure class=\"wp-block-image size-full\"><img loading=\"lazy\" decoding=\"async\" width=\"598\" height=\"204\" src=\"https:\/\/radiostudiow.com.br\/site\/wp-content\/uploads\/2025\/01\/SITE-MEDIO2.png\" alt=\"\" class=\"wp-image-32844\" srcset=\"https:\/\/radiostudiow.com.br\/site\/wp-content\/uploads\/2025\/01\/SITE-MEDIO2.png 598w, https:\/\/radiostudiow.com.br\/site\/wp-content\/uploads\/2025\/01\/SITE-MEDIO2-300x102.png 300w\" sizes=\"auto, (max-width: 598px) 100vw, 598px\" \/><\/figure>\n\n\n\n<p>Durante a consulta ao nome do indiv\u00edduo nos sistemas policiais, foi confirmado que ele possu\u00eda um mandado de pris\u00e3o em aberto, acusado de homic\u00eddio simples (art. 121).<\/p>\n\n\n\n<p>Diante da situa\u00e7\u00e3o, o homem foi detido e conduzido ao Departamento Penitenci\u00e1rio (DEPEN) para os procedimentos legais cab\u00edveis.<\/p>\n","protected":false},"excerpt":{"rendered":"<p>Uma equipe da ROTAM realizava patrulhamento no bairro Cidade Jardim, em Uni\u00e3o da Vit\u00f3ria, quando abordou um homem suspeito por volta das 18h43min desta quarta-feira (12). Durante a consulta ao nome do indiv\u00edduo nos sistemas policiais, foi confirmado que ele possu\u00eda um mandado de pris\u00e3o em aberto, acusado de homic\u00eddio simples (art. 121). Diante da [&hellip;]<\/p>\n","protected":false},"author":2,"featured_media":32793,"comment_status":"open","ping_status":"open","sticky":false,"template":"","format":"standard","meta":{"footnotes":""},"categories":[2],"tags":[172],"class_list":["post-34103","post","type-post","status-publish","format-standard","has-post-thumbnail","hentry","category-policial","tag-featured"],"amp_enabled":true,"_links":{"self":[{"href":"https:\/\/radiostudiow.com.br\/site\/wp-json\/wp\/v2\/posts\/34103","targetHints":{"allow":["GET"]}}],"collection":[{"href":"https:\/\/radiostudiow.com.br\/site\/wp-json\/wp\/v2\/posts"}],"about":[{"href":"https:\/\/radiostudiow.com.br\/site\/wp-json\/wp\/v2\/types\/post"}],"author":[{"embeddable":true,"href":"https:\/\/radiostudiow.com.br\/site\/wp-json\/wp\/v2\/users\/2"}],"replies":[{"embeddable":true,"href":"https:\/\/radiostudiow.com.br\/site\/wp-json\/wp\/v2\/comments?post=34103"}],"version-history":[{"count":1,"href":"https:\/\/radiostudiow.com.br\/site\/wp-json\/wp\/v2\/posts\/34103\/revisions"}],"predecessor-version":[{"id":34104,"href":"https:\/\/radiostudiow.com.br\/site\/wp-json\/wp\/v2\/posts\/34103\/revisions\/34104"}],"wp:featuredmedia":[{"embeddable":true,"href":"https:\/\/radiostudiow.com.br\/site\/wp-json\/wp\/v2\/media\/32793"}],"wp:attachment":[{"href":"https:\/\/radiostudiow.com.br\/site\/wp-json\/wp\/v2\/media?parent=34103"}],"wp:term":[{"taxonomy":"category","embeddable":true,"href":"https:\/\/radiostudiow.com.br\/site\/wp-json\/wp\/v2\/categories?post=34103"},{"taxonomy":"post_tag","embeddable":true,"href":"https:\/\/radiostudiow.com.br\/site\/wp-json\/wp\/v2\/tags?post=34103"}],"curies":[{"name":"wp","href":"https:\/\/api.w.org\/{rel}","templated":true}]}}