{"id":34105,"date":"2025-02-13T09:33:43","date_gmt":"2025-02-13T12:33:43","guid":{"rendered":"https:\/\/radiostudiow.com.br\/site\/?p=34105"},"modified":"2025-02-13T09:33:43","modified_gmt":"2025-02-13T12:33:43","slug":"colisao-entre-dois-caminhoes-deixa-feridos-na-br-153","status":"publish","type":"post","link":"https:\/\/radiostudiow.com.br\/site\/2025\/02\/13\/colisao-entre-dois-caminhoes-deixa-feridos-na-br-153\/","title":{"rendered":"Colis\u00e3o entre dois caminh\u00f5es deixa feridos na BR-153"},"content":{"rendered":"\n<p>Uma colis\u00e3o entre dois caminh\u00f5es foi registrada no km 512 da BR-153. De acordo com as primeiras informa\u00e7\u00f5es, as v\u00edtimas sofreram apenas ferimentos leves por volta das 7h30min da manh\u00e3 desta quinta-feira (13).<\/p>\n\n\n\n<p>Equipes do Servi\u00e7o de Atendimento M\u00f3vel de Urg\u00eancia (SAMU) e do pronto atendimento foram acionadas para prestar socorro \u00e0s v\u00edtimas.\u00a0O Corpo de Bombeiros Comunit\u00e1rio de General Carneiro tamb\u00e9m esteve no local auxiliando no resgate e garantindo a seguran\u00e7a da via.<\/p>\n\n\n\n<figure class=\"wp-block-image size-full\"><img loading=\"lazy\" decoding=\"async\" width=\"598\" height=\"204\" src=\"https:\/\/radiostudiow.com.br\/site\/wp-content\/uploads\/2025\/01\/SITE-MEDIO7.png\" alt=\"\" class=\"wp-image-32801\" srcset=\"https:\/\/radiostudiow.com.br\/site\/wp-content\/uploads\/2025\/01\/SITE-MEDIO7.png 598w, https:\/\/radiostudiow.com.br\/site\/wp-content\/uploads\/2025\/01\/SITE-MEDIO7-300x102.png 300w\" sizes=\"auto, (max-width: 598px) 100vw, 598px\" \/><\/figure>\n\n\n\n<figure class=\"wp-block-image size-full\"><img loading=\"lazy\" decoding=\"async\" width=\"720\" height=\"405\" src=\"https:\/\/radiostudiow.com.br\/site\/wp-content\/uploads\/2025\/02\/image-56.png\" alt=\"\" class=\"wp-image-34106\" srcset=\"https:\/\/radiostudiow.com.br\/site\/wp-content\/uploads\/2025\/02\/image-56.png 720w, https:\/\/radiostudiow.com.br\/site\/wp-content\/uploads\/2025\/02\/image-56-300x169.png 300w\" sizes=\"auto, (max-width: 720px) 100vw, 720px\" \/><\/figure>\n","protected":false},"excerpt":{"rendered":"<p>Uma colis\u00e3o entre dois caminh\u00f5es foi registrada no km 512 da BR-153. De acordo com as primeiras informa\u00e7\u00f5es, as v\u00edtimas sofreram apenas ferimentos leves por volta das 7h30min da manh\u00e3 desta quinta-feira (13). Equipes do Servi\u00e7o de Atendimento M\u00f3vel de Urg\u00eancia (SAMU) e do pronto atendimento foram acionadas para prestar socorro \u00e0s v\u00edtimas.\u00a0O Corpo de [&hellip;]<\/p>\n","protected":false},"author":2,"featured_media":34107,"comment_status":"open","ping_status":"open","sticky":false,"template":"","format":"standard","meta":{"footnotes":""},"categories":[185],"tags":[172],"class_list":["post-34105","post","type-post","status-publish","format-standard","has-post-thumbnail","hentry","category-regional","tag-featured"],"amp_enabled":true,"_links":{"self":[{"href":"https:\/\/radiostudiow.com.br\/site\/wp-json\/wp\/v2\/posts\/34105","targetHints":{"allow":["GET"]}}],"collection":[{"href":"https:\/\/radiostudiow.com.br\/site\/wp-json\/wp\/v2\/posts"}],"about":[{"href":"https:\/\/radiostudiow.com.br\/site\/wp-json\/wp\/v2\/types\/post"}],"author":[{"embeddable":true,"href":"https:\/\/radiostudiow.com.br\/site\/wp-json\/wp\/v2\/users\/2"}],"replies":[{"embeddable":true,"href":"https:\/\/radiostudiow.com.br\/site\/wp-json\/wp\/v2\/comments?post=34105"}],"version-history":[{"count":1,"href":"https:\/\/radiostudiow.com.br\/site\/wp-json\/wp\/v2\/posts\/34105\/revisions"}],"predecessor-version":[{"id":34108,"href":"https:\/\/radiostudiow.com.br\/site\/wp-json\/wp\/v2\/posts\/34105\/revisions\/34108"}],"wp:featuredmedia":[{"embeddable":true,"href":"https:\/\/radiostudiow.com.br\/site\/wp-json\/wp\/v2\/media\/34107"}],"wp:attachment":[{"href":"https:\/\/radiostudiow.com.br\/site\/wp-json\/wp\/v2\/media?parent=34105"}],"wp:term":[{"taxonomy":"category","embeddable":true,"href":"https:\/\/radiostudiow.com.br\/site\/wp-json\/wp\/v2\/categories?post=34105"},{"taxonomy":"post_tag","embeddable":true,"href":"https:\/\/radiostudiow.com.br\/site\/wp-json\/wp\/v2\/tags?post=34105"}],"curies":[{"name":"wp","href":"https:\/\/api.w.org\/{rel}","templated":true}]}}