{"id":34122,"date":"2025-02-13T11:31:09","date_gmt":"2025-02-13T14:31:09","guid":{"rendered":"https:\/\/radiostudiow.com.br\/site\/?p=34122"},"modified":"2025-02-13T11:31:10","modified_gmt":"2025-02-13T14:31:10","slug":"pm-apreende-drogas-com-homem-em-porto-vitoria","status":"publish","type":"post","link":"https:\/\/radiostudiow.com.br\/site\/2025\/02\/13\/pm-apreende-drogas-com-homem-em-porto-vitoria\/","title":{"rendered":"PM apreende drogas com homem em Porto Vit\u00f3ria"},"content":{"rendered":"\n<p>A equipe da ROCAM de Porto Vit\u00f3ria foi informada de que dois homens em uma moto poderiam estar armados e com a inten\u00e7\u00e3o de realizar roubos na regi\u00e3o. A situa\u00e7\u00e3o foi registrada por volta das 17h38min dessa quanta-feira (12).<\/p>\n\n\n\n<figure class=\"wp-block-image size-full\"><img loading=\"lazy\" decoding=\"async\" width=\"300\" height=\"180\" src=\"https:\/\/radiostudiow.com.br\/site\/wp-content\/uploads\/2025\/01\/SITE-PEQUENO2.png\" alt=\"\" class=\"wp-image-32894\"\/><\/figure>\n\n\n\n<p>Diante da informa\u00e7\u00e3o, foi realizado patrulhamento e obtido \u00eaxito na abordagem dos suspeitos, nos quais n\u00e3o foi encontrada nenhuma arma, mas sim uma certa quantia de subst\u00e2ncia an\u00e1loga \u00e0 maconha com um deles.<\/p>\n\n\n\n<p>O abordado foi conduzido para a confec\u00e7\u00e3o do termo circunstanciado e, posteriormente, liberado.<\/p>\n\n\n\n<p><\/p>\n","protected":false},"excerpt":{"rendered":"<p>A equipe da ROCAM de Porto Vit\u00f3ria foi informada de que dois homens em uma moto poderiam estar armados e com a inten\u00e7\u00e3o de realizar roubos na regi\u00e3o. A situa\u00e7\u00e3o foi registrada por volta das 17h38min dessa quanta-feira (12). Diante da informa\u00e7\u00e3o, foi realizado patrulhamento e obtido \u00eaxito na abordagem dos suspeitos, nos quais n\u00e3o [&hellip;]<\/p>\n","protected":false},"author":2,"featured_media":33799,"comment_status":"open","ping_status":"open","sticky":false,"template":"","format":"standard","meta":{"footnotes":""},"categories":[2],"tags":[172],"class_list":["post-34122","post","type-post","status-publish","format-standard","has-post-thumbnail","hentry","category-policial","tag-featured"],"amp_enabled":true,"_links":{"self":[{"href":"https:\/\/radiostudiow.com.br\/site\/wp-json\/wp\/v2\/posts\/34122","targetHints":{"allow":["GET"]}}],"collection":[{"href":"https:\/\/radiostudiow.com.br\/site\/wp-json\/wp\/v2\/posts"}],"about":[{"href":"https:\/\/radiostudiow.com.br\/site\/wp-json\/wp\/v2\/types\/post"}],"author":[{"embeddable":true,"href":"https:\/\/radiostudiow.com.br\/site\/wp-json\/wp\/v2\/users\/2"}],"replies":[{"embeddable":true,"href":"https:\/\/radiostudiow.com.br\/site\/wp-json\/wp\/v2\/comments?post=34122"}],"version-history":[{"count":1,"href":"https:\/\/radiostudiow.com.br\/site\/wp-json\/wp\/v2\/posts\/34122\/revisions"}],"predecessor-version":[{"id":34123,"href":"https:\/\/radiostudiow.com.br\/site\/wp-json\/wp\/v2\/posts\/34122\/revisions\/34123"}],"wp:featuredmedia":[{"embeddable":true,"href":"https:\/\/radiostudiow.com.br\/site\/wp-json\/wp\/v2\/media\/33799"}],"wp:attachment":[{"href":"https:\/\/radiostudiow.com.br\/site\/wp-json\/wp\/v2\/media?parent=34122"}],"wp:term":[{"taxonomy":"category","embeddable":true,"href":"https:\/\/radiostudiow.com.br\/site\/wp-json\/wp\/v2\/categories?post=34122"},{"taxonomy":"post_tag","embeddable":true,"href":"https:\/\/radiostudiow.com.br\/site\/wp-json\/wp\/v2\/tags?post=34122"}],"curies":[{"name":"wp","href":"https:\/\/api.w.org\/{rel}","templated":true}]}}