{"id":34128,"date":"2025-02-13T16:19:48","date_gmt":"2025-02-13T19:19:48","guid":{"rendered":"https:\/\/radiostudiow.com.br\/site\/?p=34128"},"modified":"2025-02-13T16:19:49","modified_gmt":"2025-02-13T19:19:49","slug":"piloto-de-motocicleta-envolvido-em-acidente-na-br-277-segue-internado-em-estado-grave","status":"publish","type":"post","link":"https:\/\/radiostudiow.com.br\/site\/2025\/02\/13\/piloto-de-motocicleta-envolvido-em-acidente-na-br-277-segue-internado-em-estado-grave\/","title":{"rendered":"Piloto de motocicleta envolvido em acidente na BR-277 segue internado em estado grave"},"content":{"rendered":"\n<p>Roberto Carlos Keichot, de 40 anos, piloto de uma motocicleta Honda Tornado, cor azul, envolvida em um acidente nas proximidades do KM 24, da BR-277, na regi\u00e3o da Marta, em Morretes, segue internado em estado grave em um leito de UTI \u2013 Unidade de Terapia Intensiva, no Hospital Regional do Litoral, em Paranagu\u00e1.<\/p>\n\n\n\n<figure class=\"wp-block-image size-full\"><img loading=\"lazy\" decoding=\"async\" width=\"897\" height=\"204\" src=\"https:\/\/radiostudiow.com.br\/site\/wp-content\/uploads\/2025\/01\/SITE-GRANDE.png\" alt=\"\" class=\"wp-image-32809\" srcset=\"https:\/\/radiostudiow.com.br\/site\/wp-content\/uploads\/2025\/01\/SITE-GRANDE.png 897w, https:\/\/radiostudiow.com.br\/site\/wp-content\/uploads\/2025\/01\/SITE-GRANDE-300x68.png 300w, https:\/\/radiostudiow.com.br\/site\/wp-content\/uploads\/2025\/01\/SITE-GRANDE-768x175.png 768w\" sizes=\"auto, (max-width: 897px) 100vw, 897px\" \/><\/figure>\n\n\n\n<p>Dirce Menegildo Reichert, de 56 anos, que estava na garupa da moto, morreu no local.<\/p>\n\n\n\n<p>O acidente envolveu a motocicleta pilotada por Roberto Carlos, que ficou completamente destru\u00edda, e um VW Voyage, cor branca, pertencente a uma empresa de transporte e log\u00edstica de Paranagu\u00e1.<\/p>\n\n\n\n<p>Com a viol\u00eancia do impacto, a parte frontal do ve\u00edculo tamb\u00e9m ficou destru\u00edda.<\/p>\n\n\n\n<p>O atendimento \u00e0 ocorr\u00eancia foi realizado pelas equipes de emerg\u00eancia da concession\u00e1ria EPR Litoral Pioneiro, socorristas do Servi\u00e7o de Atendimento M\u00f3vel de Urg\u00eancia (SAMU) e a tripula\u00e7\u00e3o m\u00e9dica do helic\u00f3ptero Falc\u00e3o 08 do BPMOA \u2013 Batalh\u00e3o de Pol\u00edcia Militar de Opera\u00e7\u00f5es A\u00e9reas.<\/p>\n\n\n\n<figure class=\"wp-block-image size-full\"><img decoding=\"async\" src=\"https:\/\/radiostudiow.com.br\/site\/wp-content\/uploads\/2025\/02\/SITE-E-TV.png\" alt=\"\" class=\"wp-image-33896\"\/><\/figure>\n\n\n\n<figure class=\"wp-block-image size-large\"><img loading=\"lazy\" decoding=\"async\" width=\"1024\" height=\"576\" src=\"https:\/\/radiostudiow.com.br\/site\/wp-content\/uploads\/2025\/02\/image-61-1024x576.png\" alt=\"\" class=\"wp-image-34130\" srcset=\"https:\/\/radiostudiow.com.br\/site\/wp-content\/uploads\/2025\/02\/image-61-1024x576.png 1024w, https:\/\/radiostudiow.com.br\/site\/wp-content\/uploads\/2025\/02\/image-61-300x169.png 300w, https:\/\/radiostudiow.com.br\/site\/wp-content\/uploads\/2025\/02\/image-61-768x432.png 768w, https:\/\/radiostudiow.com.br\/site\/wp-content\/uploads\/2025\/02\/image-61-1536x864.png 1536w, https:\/\/radiostudiow.com.br\/site\/wp-content\/uploads\/2025\/02\/image-61.png 1600w\" sizes=\"auto, (max-width: 1024px) 100vw, 1024px\" \/><\/figure>\n\n\n\n<figure class=\"wp-block-image size-large\"><img loading=\"lazy\" decoding=\"async\" width=\"1024\" height=\"576\" src=\"https:\/\/radiostudiow.com.br\/site\/wp-content\/uploads\/2025\/02\/image-62-1024x576.png\" alt=\"\" class=\"wp-image-34131\" srcset=\"https:\/\/radiostudiow.com.br\/site\/wp-content\/uploads\/2025\/02\/image-62-1024x576.png 1024w, https:\/\/radiostudiow.com.br\/site\/wp-content\/uploads\/2025\/02\/image-62-300x169.png 300w, https:\/\/radiostudiow.com.br\/site\/wp-content\/uploads\/2025\/02\/image-62-768x432.png 768w, https:\/\/radiostudiow.com.br\/site\/wp-content\/uploads\/2025\/02\/image-62-1536x864.png 1536w, https:\/\/radiostudiow.com.br\/site\/wp-content\/uploads\/2025\/02\/image-62.png 1600w\" sizes=\"auto, (max-width: 1024px) 100vw, 1024px\" \/><\/figure>\n","protected":false},"excerpt":{"rendered":"<p>Roberto Carlos Keichot, de 40 anos, piloto de uma motocicleta Honda Tornado, cor azul, envolvida em um acidente nas proximidades do KM 24, da BR-277, na regi\u00e3o da Marta, em Morretes, segue internado em estado grave em um leito de UTI \u2013 Unidade de Terapia Intensiva, no Hospital Regional do Litoral, em Paranagu\u00e1. Dirce Menegildo [&hellip;]<\/p>\n","protected":false},"author":2,"featured_media":34129,"comment_status":"open","ping_status":"open","sticky":false,"template":"","format":"standard","meta":{"footnotes":""},"categories":[185],"tags":[172],"class_list":["post-34128","post","type-post","status-publish","format-standard","has-post-thumbnail","hentry","category-regional","tag-featured"],"amp_enabled":true,"_links":{"self":[{"href":"https:\/\/radiostudiow.com.br\/site\/wp-json\/wp\/v2\/posts\/34128","targetHints":{"allow":["GET"]}}],"collection":[{"href":"https:\/\/radiostudiow.com.br\/site\/wp-json\/wp\/v2\/posts"}],"about":[{"href":"https:\/\/radiostudiow.com.br\/site\/wp-json\/wp\/v2\/types\/post"}],"author":[{"embeddable":true,"href":"https:\/\/radiostudiow.com.br\/site\/wp-json\/wp\/v2\/users\/2"}],"replies":[{"embeddable":true,"href":"https:\/\/radiostudiow.com.br\/site\/wp-json\/wp\/v2\/comments?post=34128"}],"version-history":[{"count":1,"href":"https:\/\/radiostudiow.com.br\/site\/wp-json\/wp\/v2\/posts\/34128\/revisions"}],"predecessor-version":[{"id":34132,"href":"https:\/\/radiostudiow.com.br\/site\/wp-json\/wp\/v2\/posts\/34128\/revisions\/34132"}],"wp:featuredmedia":[{"embeddable":true,"href":"https:\/\/radiostudiow.com.br\/site\/wp-json\/wp\/v2\/media\/34129"}],"wp:attachment":[{"href":"https:\/\/radiostudiow.com.br\/site\/wp-json\/wp\/v2\/media?parent=34128"}],"wp:term":[{"taxonomy":"category","embeddable":true,"href":"https:\/\/radiostudiow.com.br\/site\/wp-json\/wp\/v2\/categories?post=34128"},{"taxonomy":"post_tag","embeddable":true,"href":"https:\/\/radiostudiow.com.br\/site\/wp-json\/wp\/v2\/tags?post=34128"}],"curies":[{"name":"wp","href":"https:\/\/api.w.org\/{rel}","templated":true}]}}