{"id":3413,"date":"2021-08-27T11:58:36","date_gmt":"2021-08-27T14:58:36","guid":{"rendered":"https:\/\/radiostudiow.com.br\/site\/?p=3413"},"modified":"2025-01-31T15:12:30","modified_gmt":"2025-01-31T18:12:30","slug":"mulher-aciona-pm-apos-desentendimento-com-a-vizinha-em-paulo-frontin","status":"publish","type":"post","link":"https:\/\/radiostudiow.com.br\/site\/2021\/08\/27\/mulher-aciona-pm-apos-desentendimento-com-a-vizinha-em-paulo-frontin\/","title":{"rendered":"Mulher aciona PM ap\u00f3s desentendimento com a vizinha em Paulo Frontin"},"content":{"rendered":"\n<p>A equipe da Pol\u00edcia Militar de Paulo Frontin foi acionada por volta das 18:30 horas dessa quinta \u2013 feira, 26 de agosto, ap\u00f3s ocorrer uma situa\u00e7\u00e3o de descumprimento de medida protetiva na localidade de Vera Guarani.<\/p>\n\n\n\n<p>De acordo com o solicitante, sua vizinha veio no final da tarde desligar seu contador da luz de sua resid\u00eancia e colocar um cadeado.<\/p>\n\n\n\n<p>A v\u00edtima ainda afirma que possuiu medida protetiva em desfavor a vizinha e n\u00e3o pode chegar pr\u00f3ximo ao domicilio. O contador da luz esta entre os terrenos.<\/p>\n\n\n\n<p>A equipe se deslocou at\u00e9 o local e as partes foram orientadas. A mulher restabeleceu a luz, abrindo o cadeado e ligando o contador.<\/p>\n\n\n\n<figure class=\"wp-block-image size-full\"><img decoding=\"async\" src=\"https:\/\/radiostudiow.com.br\/site\/wp-content\/uploads\/2021\/08\/vem_ai.jpg\" alt=\"\" class=\"wp-image-3354\"\/><\/figure>\n","protected":false},"excerpt":{"rendered":"<p>A equipe da Pol\u00edcia Militar de Paulo Frontin foi acionada por volta das 18:30 horas dessa quinta \u2013 feira, 26 de agosto, ap\u00f3s ocorrer uma situa\u00e7\u00e3o de descumprimento de medida protetiva na localidade de Vera Guarani. De acordo com o solicitante, sua vizinha veio no final da tarde desligar seu contador da luz de sua [&hellip;]<\/p>\n","protected":false},"author":2,"featured_media":3175,"comment_status":"open","ping_status":"open","sticky":false,"template":"","format":"standard","meta":{"footnotes":""},"categories":[2],"tags":[172],"class_list":["post-3413","post","type-post","status-publish","format-standard","has-post-thumbnail","hentry","category-policial","tag-featured"],"amp_enabled":true,"_links":{"self":[{"href":"https:\/\/radiostudiow.com.br\/site\/wp-json\/wp\/v2\/posts\/3413","targetHints":{"allow":["GET"]}}],"collection":[{"href":"https:\/\/radiostudiow.com.br\/site\/wp-json\/wp\/v2\/posts"}],"about":[{"href":"https:\/\/radiostudiow.com.br\/site\/wp-json\/wp\/v2\/types\/post"}],"author":[{"embeddable":true,"href":"https:\/\/radiostudiow.com.br\/site\/wp-json\/wp\/v2\/users\/2"}],"replies":[{"embeddable":true,"href":"https:\/\/radiostudiow.com.br\/site\/wp-json\/wp\/v2\/comments?post=3413"}],"version-history":[{"count":1,"href":"https:\/\/radiostudiow.com.br\/site\/wp-json\/wp\/v2\/posts\/3413\/revisions"}],"predecessor-version":[{"id":3414,"href":"https:\/\/radiostudiow.com.br\/site\/wp-json\/wp\/v2\/posts\/3413\/revisions\/3414"}],"wp:featuredmedia":[{"embeddable":true,"href":"https:\/\/radiostudiow.com.br\/site\/wp-json\/wp\/v2\/media\/3175"}],"wp:attachment":[{"href":"https:\/\/radiostudiow.com.br\/site\/wp-json\/wp\/v2\/media?parent=3413"}],"wp:term":[{"taxonomy":"category","embeddable":true,"href":"https:\/\/radiostudiow.com.br\/site\/wp-json\/wp\/v2\/categories?post=3413"},{"taxonomy":"post_tag","embeddable":true,"href":"https:\/\/radiostudiow.com.br\/site\/wp-json\/wp\/v2\/tags?post=3413"}],"curies":[{"name":"wp","href":"https:\/\/api.w.org\/{rel}","templated":true}]}}