{"id":34135,"date":"2025-02-13T19:37:11","date_gmt":"2025-02-13T22:37:11","guid":{"rendered":"https:\/\/radiostudiow.com.br\/site\/?p=34135"},"modified":"2025-02-13T19:37:12","modified_gmt":"2025-02-13T22:37:12","slug":"homem-e-detido-com-mandado-de-prisao-por-devedor-de-pensao-alimenticia-em-sao-mateus-do-sul","status":"publish","type":"post","link":"https:\/\/radiostudiow.com.br\/site\/2025\/02\/13\/homem-e-detido-com-mandado-de-prisao-por-devedor-de-pensao-alimenticia-em-sao-mateus-do-sul\/","title":{"rendered":"Homem \u00e9 detido com mandado de pris\u00e3o por devedor de pens\u00e3o aliment\u00edcia em S\u00e3o Mateus do Sul"},"content":{"rendered":"\n<p>A equipe da Pol\u00edcia Militar de S\u00e3o Mateus do Sul com informa\u00e7\u00f5es sobre um mandado de pris\u00e3o em aberto, realizou dilig\u00eanciasat\u00e9 o poss\u00edvel local de resid\u00eancia do homem. A situa\u00e7\u00e3o foi registrada por volta das 15 horas dessa quarta-feira (12).<\/p>\n\n\n\n<figure class=\"wp-block-image size-full\"><img loading=\"lazy\" decoding=\"async\" width=\"598\" height=\"204\" src=\"https:\/\/radiostudiow.com.br\/site\/wp-content\/uploads\/2025\/01\/SITE-MEDIO3.png\" alt=\"\" class=\"wp-image-32815\" srcset=\"https:\/\/radiostudiow.com.br\/site\/wp-content\/uploads\/2025\/01\/SITE-MEDIO3.png 598w, https:\/\/radiostudiow.com.br\/site\/wp-content\/uploads\/2025\/01\/SITE-MEDIO3-300x102.png 300w\" sizes=\"auto, (max-width: 598px) 100vw, 598px\" \/><\/figure>\n\n\n\n<p>De acordo com o relat\u00f3rio policial, foi logrado \u00eaxito em encontrar o autor e o abordar, foi informado ao mesmo que possu\u00eda um mandado (art. 528, devedor de pens\u00e3o aliment\u00edcia) em seu desfavor. Foi conduzido ao DEPEN para os procedimentos cab\u00edveis.<\/p>\n","protected":false},"excerpt":{"rendered":"<p>A equipe da Pol\u00edcia Militar de S\u00e3o Mateus do Sul com informa\u00e7\u00f5es sobre um mandado de pris\u00e3o em aberto, realizou dilig\u00eanciasat\u00e9 o poss\u00edvel local de resid\u00eancia do homem. A situa\u00e7\u00e3o foi registrada por volta das 15 horas dessa quarta-feira (12). De acordo com o relat\u00f3rio policial, foi logrado \u00eaxito em encontrar o autor e o [&hellip;]<\/p>\n","protected":false},"author":2,"featured_media":31622,"comment_status":"open","ping_status":"open","sticky":false,"template":"","format":"standard","meta":{"footnotes":""},"categories":[2],"tags":[172],"class_list":["post-34135","post","type-post","status-publish","format-standard","has-post-thumbnail","hentry","category-policial","tag-featured"],"amp_enabled":true,"_links":{"self":[{"href":"https:\/\/radiostudiow.com.br\/site\/wp-json\/wp\/v2\/posts\/34135","targetHints":{"allow":["GET"]}}],"collection":[{"href":"https:\/\/radiostudiow.com.br\/site\/wp-json\/wp\/v2\/posts"}],"about":[{"href":"https:\/\/radiostudiow.com.br\/site\/wp-json\/wp\/v2\/types\/post"}],"author":[{"embeddable":true,"href":"https:\/\/radiostudiow.com.br\/site\/wp-json\/wp\/v2\/users\/2"}],"replies":[{"embeddable":true,"href":"https:\/\/radiostudiow.com.br\/site\/wp-json\/wp\/v2\/comments?post=34135"}],"version-history":[{"count":3,"href":"https:\/\/radiostudiow.com.br\/site\/wp-json\/wp\/v2\/posts\/34135\/revisions"}],"predecessor-version":[{"id":34147,"href":"https:\/\/radiostudiow.com.br\/site\/wp-json\/wp\/v2\/posts\/34135\/revisions\/34147"}],"wp:featuredmedia":[{"embeddable":true,"href":"https:\/\/radiostudiow.com.br\/site\/wp-json\/wp\/v2\/media\/31622"}],"wp:attachment":[{"href":"https:\/\/radiostudiow.com.br\/site\/wp-json\/wp\/v2\/media?parent=34135"}],"wp:term":[{"taxonomy":"category","embeddable":true,"href":"https:\/\/radiostudiow.com.br\/site\/wp-json\/wp\/v2\/categories?post=34135"},{"taxonomy":"post_tag","embeddable":true,"href":"https:\/\/radiostudiow.com.br\/site\/wp-json\/wp\/v2\/tags?post=34135"}],"curies":[{"name":"wp","href":"https:\/\/api.w.org\/{rel}","templated":true}]}}