{"id":34162,"date":"2025-02-14T08:28:29","date_gmt":"2025-02-14T11:28:29","guid":{"rendered":"https:\/\/radiostudiow.com.br\/site\/?p=34162"},"modified":"2025-02-14T08:28:29","modified_gmt":"2025-02-14T11:28:29","slug":"homem-e-preso-em-mallet-por-violencia-domestica-apos-bater-o-carro-do-sogro-em-um-onibus","status":"publish","type":"post","link":"https:\/\/radiostudiow.com.br\/site\/2025\/02\/14\/homem-e-preso-em-mallet-por-violencia-domestica-apos-bater-o-carro-do-sogro-em-um-onibus\/","title":{"rendered":"HOMEM \u00c9 PRESO EM MALLET POR VIOL\u00caNCIA DOM\u00c9STICA AP\u00d3S BATER O CARRO\u00a0DO SOGRO EM UM \u00d4NIBUS."},"content":{"rendered":"\n<p><\/p>\n\n\n\n<p class=\"has-text-align-center\" style=\"font-size:28px\"><strong><em>O carro que pegou fogo no acidente pertence ao pai da v\u00edtima, que havia sido pego sem autoriza\u00e7\u00e3o do propriet\u00e1rio.\u00a0<\/em><\/strong><\/p>\n\n\n\n<p><\/p>\n\n\n\n<figure class=\"wp-block-image size-full\"><img decoding=\"async\" src=\"https:\/\/radiostudiow.com.br\/site\/wp-content\/uploads\/2024\/01\/SITE-GRANDE.png\" alt=\"\" class=\"wp-image-18949\"\/><\/figure>\n\n\n\n<p style=\"font-size:21px\"><\/p>\n\n\n\n<p style=\"font-size:21px\">Na madrugada desta sexta-feira (14), por volta das 1h30, a Pol\u00edcia Militar de Mallet foi acionada para atender uma ocorr\u00eancia de agress\u00e3o na Vila Caroline. No local, uma mulher relatou que, ap\u00f3s discutir com o marido, ele a amea\u00e7ou de morte e pegou uma faca na cozinha. A v\u00edtima conseguiu se trancar no quarto, enquanto o homem tentava arrombar a porta.<\/p>\n\n\n\n<p style=\"font-size:21px\">O sogro da mulher, ao ouvir os barulhos, interveio e conseguiu socorr\u00ea-la. O agressor fugiu logo ap\u00f3s o incidente, mas foi localizado nas proximidades e preso por viol\u00eancia dom\u00e9stica.<\/p>\n\n\n\n<p style=\"font-size:21px\">Durante a abordagem, o homem afirmou ter se envolvido em um acidente. A equipe policial ent\u00e3o constatou que um ve\u00edculo estava em chamas atr\u00e1s de um \u00f4nibus.&nbsp;<\/p>\n\n\n\n<p><\/p>\n\n\n\n<figure class=\"wp-block-embed is-type-wp-embed is-provider-studio-w wp-block-embed-studio-w\"><div class=\"wp-block-embed__wrapper\">\n<blockquote class=\"wp-embedded-content\" data-secret=\"r4B7sebYYP\"><a href=\"https:\/\/radiostudiow.com.br\/site\/2025\/02\/14\/automovel-colide-com-onibus-parado-e-incendio-destroi-veiculo-no-bairro-jardim-emilia-em-mallet\/\">AUTOM\u00d3VEL COLIDE COM \u00d4NIBUS PARADO E INC\u00caNDIO DESTR\u00d3I VE\u00cdCULO NO BAIRRO JARDIM EM\u00cdLIA EM MALLET<\/a><\/blockquote><iframe loading=\"lazy\" class=\"wp-embedded-content\" sandbox=\"allow-scripts\" security=\"restricted\" style=\"position: absolute; visibility: hidden;\" title=\"&#8220;AUTOM\u00d3VEL COLIDE COM \u00d4NIBUS PARADO E INC\u00caNDIO DESTR\u00d3I VE\u00cdCULO NO BAIRRO JARDIM EM\u00cdLIA EM MALLET&#8221; &#8212; Studio W\" src=\"https:\/\/radiostudiow.com.br\/site\/2025\/02\/14\/automovel-colide-com-onibus-parado-e-incendio-destroi-veiculo-no-bairro-jardim-emilia-em-mallet\/embed\/#?secret=th5wM4rk1a#?secret=r4B7sebYYP\" data-secret=\"r4B7sebYYP\" width=\"600\" height=\"338\" frameborder=\"0\" marginwidth=\"0\" marginheight=\"0\" scrolling=\"no\"><\/iframe>\n<\/div><\/figure>\n\n\n\n<p><\/p>\n\n\n\n<p style=\"font-size:21px\">O carro, pertencente ao pai da v\u00edtima, havia sido retirado sem autoriza\u00e7\u00e3o. Os Brigadistas Comunit\u00e1rios foram acionados para apagar o inc\u00eandio.<\/p>\n\n\n\n<p style=\"font-size:21px\">O suspeito foi levado ao hospital para atendimento m\u00e9dico e, durante o procedimento, proferiu xingamentos e amea\u00e7as contra a equipe policial. Tanto o agressor quanto a v\u00edtima e uma testemunha foram encaminhados \u00e0 delegacia para os procedimentos cab\u00edveis.<\/p>\n\n\n\n<p style=\"font-size:21px\">O homem foi preso pelos crimes de viol\u00eancia dom\u00e9stica e desacato.<\/p>\n\n\n\n<p><\/p>\n\n\n\n<figure class=\"wp-block-image size-full\"><img loading=\"lazy\" decoding=\"async\" width=\"897\" height=\"204\" src=\"https:\/\/radiostudiow.com.br\/site\/wp-content\/uploads\/2024\/01\/SITE-GRANDE3.png\" alt=\"zaions\" class=\"wp-image-18936\" srcset=\"https:\/\/radiostudiow.com.br\/site\/wp-content\/uploads\/2024\/01\/SITE-GRANDE3.png 897w, https:\/\/radiostudiow.com.br\/site\/wp-content\/uploads\/2024\/01\/SITE-GRANDE3-300x68.png 300w, https:\/\/radiostudiow.com.br\/site\/wp-content\/uploads\/2024\/01\/SITE-GRANDE3-768x175.png 768w\" sizes=\"auto, (max-width: 897px) 100vw, 897px\" \/><\/figure>\n","protected":false},"excerpt":{"rendered":"<p>O carro que pegou fogo no acidente pertence ao pai da v\u00edtima, que havia sido pego sem autoriza\u00e7\u00e3o do propriet\u00e1rio.\u00a0 Na madrugada desta sexta-feira (14), por volta das 1h30, a Pol\u00edcia Militar de Mallet foi acionada para atender uma ocorr\u00eancia de agress\u00e3o na Vila Caroline. No local, uma mulher relatou que, ap\u00f3s discutir com o [&hellip;]<\/p>\n","protected":false},"author":2,"featured_media":34163,"comment_status":"open","ping_status":"open","sticky":false,"template":"","format":"standard","meta":{"footnotes":""},"categories":[184,2],"tags":[172],"class_list":["post-34162","post","type-post","status-publish","format-standard","has-post-thumbnail","hentry","category-local","category-policial","tag-featured"],"amp_enabled":true,"_links":{"self":[{"href":"https:\/\/radiostudiow.com.br\/site\/wp-json\/wp\/v2\/posts\/34162","targetHints":{"allow":["GET"]}}],"collection":[{"href":"https:\/\/radiostudiow.com.br\/site\/wp-json\/wp\/v2\/posts"}],"about":[{"href":"https:\/\/radiostudiow.com.br\/site\/wp-json\/wp\/v2\/types\/post"}],"author":[{"embeddable":true,"href":"https:\/\/radiostudiow.com.br\/site\/wp-json\/wp\/v2\/users\/2"}],"replies":[{"embeddable":true,"href":"https:\/\/radiostudiow.com.br\/site\/wp-json\/wp\/v2\/comments?post=34162"}],"version-history":[{"count":1,"href":"https:\/\/radiostudiow.com.br\/site\/wp-json\/wp\/v2\/posts\/34162\/revisions"}],"predecessor-version":[{"id":34164,"href":"https:\/\/radiostudiow.com.br\/site\/wp-json\/wp\/v2\/posts\/34162\/revisions\/34164"}],"wp:featuredmedia":[{"embeddable":true,"href":"https:\/\/radiostudiow.com.br\/site\/wp-json\/wp\/v2\/media\/34163"}],"wp:attachment":[{"href":"https:\/\/radiostudiow.com.br\/site\/wp-json\/wp\/v2\/media?parent=34162"}],"wp:term":[{"taxonomy":"category","embeddable":true,"href":"https:\/\/radiostudiow.com.br\/site\/wp-json\/wp\/v2\/categories?post=34162"},{"taxonomy":"post_tag","embeddable":true,"href":"https:\/\/radiostudiow.com.br\/site\/wp-json\/wp\/v2\/tags?post=34162"}],"curies":[{"name":"wp","href":"https:\/\/api.w.org\/{rel}","templated":true}]}}