{"id":34184,"date":"2025-02-14T11:50:33","date_gmt":"2025-02-14T14:50:33","guid":{"rendered":"https:\/\/radiostudiow.com.br\/site\/?p=34184"},"modified":"2025-02-14T11:50:33","modified_gmt":"2025-02-14T14:50:33","slug":"homem-e-preso-apos-dirigir-em-alta-velocidade-em-reboucas","status":"publish","type":"post","link":"https:\/\/radiostudiow.com.br\/site\/2025\/02\/14\/homem-e-preso-apos-dirigir-em-alta-velocidade-em-reboucas\/","title":{"rendered":"Homem \u00e9 preso ap\u00f3s dirigir em alta velocidade em Rebou\u00e7as"},"content":{"rendered":"\n<p>A equipe policial estava realizando patrulhamento por volta das 23 horas dessa quarta-feira, 12 de fevereiro, , no centro de Rebou\u00e7as, na avenida Adolfo Stadler quando escutou um som automotivo excessivamente alto.<\/p>\n\n\n\n<p>Os policiais se aproximaram, foi visualizado que o condutor apresentou nervosismo, foram emitidos sinais sonoros e luminosos com a viatura para que o ve\u00edculo parasse e fosse feita a abordagem, por\u00e9m o condutor empregou fuga, dirigindo em uma velocidade, aproximada de 100km\/hr, em dire\u00e7\u00e3o centro-bairro, furando preferenciais, n\u00e3o respeitando o sinal vermelho no sem\u00e1foro, efetuando arrancadas bruscas, derrapagens e manobras arriscadas, colocando em risco a vida de pedestres e outros usu\u00e1rios da via.<\/p>\n\n\n\n<figure class=\"wp-block-image size-full\"><img loading=\"lazy\" decoding=\"async\" width=\"598\" height=\"204\" src=\"https:\/\/radiostudiow.com.br\/site\/wp-content\/uploads\/2025\/01\/SITE-MEDIO7.png\" alt=\"\" class=\"wp-image-32801\" srcset=\"https:\/\/radiostudiow.com.br\/site\/wp-content\/uploads\/2025\/01\/SITE-MEDIO7.png 598w, https:\/\/radiostudiow.com.br\/site\/wp-content\/uploads\/2025\/01\/SITE-MEDIO7-300x102.png 300w\" sizes=\"auto, (max-width: 598px) 100vw, 598px\" \/><\/figure>\n\n\n\n<p>A persegui\u00e7\u00e3o policial foi realizada por aproximadamente 2 km. At\u00e9 que o suspeito adentrou com o ve\u00edculo dentro do p\u00e1tio de uma resid\u00eancia, momento em que ele desembarcou do carro, segurando um pacote em suas m\u00e3os, n\u00e3o identificado, e continuou a fuga a p\u00e9, o rapaz correu at\u00e9 o fundo do lote do im\u00f3vel e quando se deparou com uma cerca, ele arremessou algo, nesse momento ele parou e ent\u00e3o os policiais conseguiram intercept\u00e1-lo.<\/p>\n\n\n\n<p>O homem estava agressivo, apresentando resist\u00eancia passiva e muito agitado, olhos avermelhados e odor et\u00edlico, foi dado voz de abordagem para que ele colocasse as m\u00e3os para cima, na qual o homem se recusava a obedecer. Foi necess\u00e1rio o uso de for\u00e7a moderada para conter o suspeito. Ent\u00e3o, os policiais algemaram o indiv\u00edduo, por conta da chance de fuga e para resguardar a integridade da equipe.<\/p>\n\n\n\n<figure class=\"wp-block-image size-full\"><img loading=\"lazy\" decoding=\"async\" width=\"598\" height=\"204\" src=\"https:\/\/radiostudiow.com.br\/site\/wp-content\/uploads\/2025\/01\/SITE-MEDIO3.png\" alt=\"\" class=\"wp-image-32815\" srcset=\"https:\/\/radiostudiow.com.br\/site\/wp-content\/uploads\/2025\/01\/SITE-MEDIO3.png 598w, https:\/\/radiostudiow.com.br\/site\/wp-content\/uploads\/2025\/01\/SITE-MEDIO3-300x102.png 300w\" sizes=\"auto, (max-width: 598px) 100vw, 598px\" \/><\/figure>\n\n\n\n<p>O ve\u00edculo foi consultado atrav\u00e9s dos sistemas informatizados e constatado que estava com pend\u00eancias administrativas, ent\u00e3o, foi guinchado e recolhido at\u00e9 o p\u00e1tio do 2 pelot\u00e3o de Rebou\u00e7as.<\/p>\n\n\n\n<p>Tamb\u00e9m foi realizada consulta para identificar o homem e foi constatado que a sua CNH estava vencida. Os policiais realizaram buscas no terreno para localizar o objeto, por\u00e9m sem sucesso. N\u00e3o foi adentrado na resid\u00eancia do terreno.<\/p>\n\n\n\n<p>O homem foi levado at\u00e9 o 2\u00ba Pelot\u00e3o da Pol\u00edcia Militar de Rebou\u00e7as, para realizar o teste do etil\u00f4metro, o qual ele se recusou a fazer. Diante dos fatos, foi dado voz de pris\u00e3o ao homem.<\/p>\n\n\n\n<p><em>Fonte: Assessoria 8\u00aa CIPM \/ Folha de Irati<\/em><\/p>\n","protected":false},"excerpt":{"rendered":"<p>A equipe policial estava realizando patrulhamento por volta das 23 horas dessa quarta-feira, 12 de fevereiro, , no centro de Rebou\u00e7as, na avenida Adolfo Stadler quando escutou um som automotivo excessivamente alto. Os policiais se aproximaram, foi visualizado que o condutor apresentou nervosismo, foram emitidos sinais sonoros e luminosos com a viatura para que o [&hellip;]<\/p>\n","protected":false},"author":2,"featured_media":32852,"comment_status":"open","ping_status":"open","sticky":false,"template":"","format":"standard","meta":{"footnotes":""},"categories":[2],"tags":[172],"class_list":["post-34184","post","type-post","status-publish","format-standard","has-post-thumbnail","hentry","category-policial","tag-featured"],"amp_enabled":true,"_links":{"self":[{"href":"https:\/\/radiostudiow.com.br\/site\/wp-json\/wp\/v2\/posts\/34184","targetHints":{"allow":["GET"]}}],"collection":[{"href":"https:\/\/radiostudiow.com.br\/site\/wp-json\/wp\/v2\/posts"}],"about":[{"href":"https:\/\/radiostudiow.com.br\/site\/wp-json\/wp\/v2\/types\/post"}],"author":[{"embeddable":true,"href":"https:\/\/radiostudiow.com.br\/site\/wp-json\/wp\/v2\/users\/2"}],"replies":[{"embeddable":true,"href":"https:\/\/radiostudiow.com.br\/site\/wp-json\/wp\/v2\/comments?post=34184"}],"version-history":[{"count":1,"href":"https:\/\/radiostudiow.com.br\/site\/wp-json\/wp\/v2\/posts\/34184\/revisions"}],"predecessor-version":[{"id":34185,"href":"https:\/\/radiostudiow.com.br\/site\/wp-json\/wp\/v2\/posts\/34184\/revisions\/34185"}],"wp:featuredmedia":[{"embeddable":true,"href":"https:\/\/radiostudiow.com.br\/site\/wp-json\/wp\/v2\/media\/32852"}],"wp:attachment":[{"href":"https:\/\/radiostudiow.com.br\/site\/wp-json\/wp\/v2\/media?parent=34184"}],"wp:term":[{"taxonomy":"category","embeddable":true,"href":"https:\/\/radiostudiow.com.br\/site\/wp-json\/wp\/v2\/categories?post=34184"},{"taxonomy":"post_tag","embeddable":true,"href":"https:\/\/radiostudiow.com.br\/site\/wp-json\/wp\/v2\/tags?post=34184"}],"curies":[{"name":"wp","href":"https:\/\/api.w.org\/{rel}","templated":true}]}}