{"id":34198,"date":"2025-02-14T18:02:08","date_gmt":"2025-02-14T21:02:08","guid":{"rendered":"https:\/\/radiostudiow.com.br\/site\/?p=34198"},"modified":"2025-02-14T18:02:09","modified_gmt":"2025-02-14T21:02:09","slug":"motociclista-morre-apos-grave-acidente-em-bituruna","status":"publish","type":"post","link":"https:\/\/radiostudiow.com.br\/site\/2025\/02\/14\/motociclista-morre-apos-grave-acidente-em-bituruna\/","title":{"rendered":"Motociclista morre ap\u00f3s grave acidente em Bituruna"},"content":{"rendered":"\n<p>Um grave acidente foi registrado nas proximidades do Posto de Sa\u00fade no bairro S\u00e3o Jo\u00e3o, em Bituruna por volta das 02 horas na madrugada desta quinta-feira (13).<\/p>\n\n\n\n<p>O Servi\u00e7o de Atendimento M\u00f3vel de Urg\u00eancia (SAMU) foi acionado para socorrer um motociclista que havia sido atingido por um ve\u00edculo Fiat\/Uno.<\/p>\n\n\n\n<figure class=\"wp-block-image size-full\"><img loading=\"lazy\" decoding=\"async\" width=\"897\" height=\"204\" src=\"https:\/\/radiostudiow.com.br\/site\/wp-content\/uploads\/2025\/01\/SITE-GRANDE2.png\" alt=\"\" class=\"wp-image-32805\" srcset=\"https:\/\/radiostudiow.com.br\/site\/wp-content\/uploads\/2025\/01\/SITE-GRANDE2.png 897w, https:\/\/radiostudiow.com.br\/site\/wp-content\/uploads\/2025\/01\/SITE-GRANDE2-300x68.png 300w, https:\/\/radiostudiow.com.br\/site\/wp-content\/uploads\/2025\/01\/SITE-GRANDE2-768x175.png 768w\" sizes=\"auto, (max-width: 897px) 100vw, 897px\" \/><\/figure>\n\n\n\n<p>A v\u00edtima, identificada como\u00a0On\u00f3rio Domingues, retornava do trabalho no momento do acidente. Ele recebeu atendimento m\u00e9dico, mas, devido \u00e0 gravidade dos ferimentos, n\u00e3o resistiu e veio a \u00f3bito.<\/p>\n\n\n\n<p>As autoridades foram acionadas para apurar as circunst\u00e2ncias da colis\u00e3o, e o caso segue sob investiga\u00e7\u00e3o.<\/p>\n\n\n\n<figure class=\"wp-block-image size-full\"><img loading=\"lazy\" decoding=\"async\" width=\"593\" height=\"378\" src=\"https:\/\/radiostudiow.com.br\/site\/wp-content\/uploads\/2025\/02\/image-69.png\" alt=\"\" class=\"wp-image-34200\" srcset=\"https:\/\/radiostudiow.com.br\/site\/wp-content\/uploads\/2025\/02\/image-69.png 593w, https:\/\/radiostudiow.com.br\/site\/wp-content\/uploads\/2025\/02\/image-69-300x191.png 300w\" sizes=\"auto, (max-width: 593px) 100vw, 593px\" \/><\/figure>\n\n\n\n<p><em>A cerim\u00f4nia de despedida de\u00a0On\u00f3rio Domingues\u00a0acontece a partir das 23h30 na capela municipal de Bituruna. A cerim\u00f4nia religiosa ser\u00e1 realizada no dia\u00a014 de fevereiro, \u00e0s 10h30. Logo ap\u00f3s, o sepultamento ocorrer\u00e1 no\u00a0cemit\u00e9rio municipal de Bituruna.<\/em><\/p>\n","protected":false},"excerpt":{"rendered":"<p>Um grave acidente foi registrado nas proximidades do Posto de Sa\u00fade no bairro S\u00e3o Jo\u00e3o, em Bituruna por volta das 02 horas na madrugada desta quinta-feira (13). O Servi\u00e7o de Atendimento M\u00f3vel de Urg\u00eancia (SAMU) foi acionado para socorrer um motociclista que havia sido atingido por um ve\u00edculo Fiat\/Uno. A v\u00edtima, identificada como\u00a0On\u00f3rio Domingues, retornava [&hellip;]<\/p>\n","protected":false},"author":2,"featured_media":34199,"comment_status":"open","ping_status":"open","sticky":false,"template":"","format":"standard","meta":{"footnotes":""},"categories":[185],"tags":[172],"class_list":["post-34198","post","type-post","status-publish","format-standard","has-post-thumbnail","hentry","category-regional","tag-featured"],"amp_enabled":true,"_links":{"self":[{"href":"https:\/\/radiostudiow.com.br\/site\/wp-json\/wp\/v2\/posts\/34198","targetHints":{"allow":["GET"]}}],"collection":[{"href":"https:\/\/radiostudiow.com.br\/site\/wp-json\/wp\/v2\/posts"}],"about":[{"href":"https:\/\/radiostudiow.com.br\/site\/wp-json\/wp\/v2\/types\/post"}],"author":[{"embeddable":true,"href":"https:\/\/radiostudiow.com.br\/site\/wp-json\/wp\/v2\/users\/2"}],"replies":[{"embeddable":true,"href":"https:\/\/radiostudiow.com.br\/site\/wp-json\/wp\/v2\/comments?post=34198"}],"version-history":[{"count":1,"href":"https:\/\/radiostudiow.com.br\/site\/wp-json\/wp\/v2\/posts\/34198\/revisions"}],"predecessor-version":[{"id":34201,"href":"https:\/\/radiostudiow.com.br\/site\/wp-json\/wp\/v2\/posts\/34198\/revisions\/34201"}],"wp:featuredmedia":[{"embeddable":true,"href":"https:\/\/radiostudiow.com.br\/site\/wp-json\/wp\/v2\/media\/34199"}],"wp:attachment":[{"href":"https:\/\/radiostudiow.com.br\/site\/wp-json\/wp\/v2\/media?parent=34198"}],"wp:term":[{"taxonomy":"category","embeddable":true,"href":"https:\/\/radiostudiow.com.br\/site\/wp-json\/wp\/v2\/categories?post=34198"},{"taxonomy":"post_tag","embeddable":true,"href":"https:\/\/radiostudiow.com.br\/site\/wp-json\/wp\/v2\/tags?post=34198"}],"curies":[{"name":"wp","href":"https:\/\/api.w.org\/{rel}","templated":true}]}}