{"id":34215,"date":"2025-02-14T19:48:16","date_gmt":"2025-02-14T22:48:16","guid":{"rendered":"https:\/\/radiostudiow.com.br\/site\/?p=34215"},"modified":"2025-02-14T19:48:16","modified_gmt":"2025-02-14T22:48:16","slug":"prf-apreende-oliveiras-argentinas-importadas-irregularmente-no-parana","status":"publish","type":"post","link":"https:\/\/radiostudiow.com.br\/site\/2025\/02\/14\/prf-apreende-oliveiras-argentinas-importadas-irregularmente-no-parana\/","title":{"rendered":"PRF apreende oliveiras argentinas importadas irregularmente no Paran\u00e1"},"content":{"rendered":"\n<p>A PRF apreendeu, na manh\u00e3 desta quarta (12), cinco oliveiras argentinas com suspeita de irregularidades na importa\u00e7\u00e3o.<\/p>\n\n\n\n<p>Os esp\u00e9cimes, adultos, eram transportados em um caminh\u00e3o e, segundo a documenta\u00e7\u00e3o apresentada pelo motorista, as \u00e1rvores teriam sa\u00eddo de Encantado (RS), com destino a V\u00e1rzea Grande (MT). A abordagem se deu em Vitorino (PR), em raz\u00e3o da situa\u00e7\u00e3o incomum, j\u00e1 que o transporte de oliveiras n\u00e3o \u00e9 usual nessa regi\u00e3o.<\/p>\n\n\n\n<figure class=\"wp-block-image size-full\"><img loading=\"lazy\" decoding=\"async\" width=\"897\" height=\"204\" src=\"https:\/\/radiostudiow.com.br\/site\/wp-content\/uploads\/2025\/02\/SITE-GRANDE7.png\" alt=\"\" class=\"wp-image-33861\" srcset=\"https:\/\/radiostudiow.com.br\/site\/wp-content\/uploads\/2025\/02\/SITE-GRANDE7.png 897w, https:\/\/radiostudiow.com.br\/site\/wp-content\/uploads\/2025\/02\/SITE-GRANDE7-300x68.png 300w, https:\/\/radiostudiow.com.br\/site\/wp-content\/uploads\/2025\/02\/SITE-GRANDE7-768x175.png 768w\" sizes=\"auto, (max-width: 897px) 100vw, 897px\" \/><\/figure>\n\n\n\n<p>Diante dos ind\u00edcios de irregularidades envolvendo a importa\u00e7\u00e3o e o transporte das oliveiras, foi realizado o encaminhamento da carga para a Receita Federal, que instaurar\u00e1 procedimento administrativo para apurar as irregularidades. Dependendo do caso, pode gerar at\u00e9 o perdimento da carga e do ve\u00edculo. At\u00e9 a decis\u00e3o final, as oliveiras permanecer\u00e3o depositadas na Receita.<\/p>\n\n\n\n<p><em>Fonte:\u00a0Informa\u00e7\u00f5es e imagens: PRF<\/em><\/p>\n","protected":false},"excerpt":{"rendered":"<p>A PRF apreendeu, na manh\u00e3 desta quarta (12), cinco oliveiras argentinas com suspeita de irregularidades na importa\u00e7\u00e3o. Os esp\u00e9cimes, adultos, eram transportados em um caminh\u00e3o e, segundo a documenta\u00e7\u00e3o apresentada pelo motorista, as \u00e1rvores teriam sa\u00eddo de Encantado (RS), com destino a V\u00e1rzea Grande (MT). A abordagem se deu em Vitorino (PR), em raz\u00e3o da [&hellip;]<\/p>\n","protected":false},"author":2,"featured_media":34216,"comment_status":"open","ping_status":"open","sticky":false,"template":"","format":"standard","meta":{"footnotes":""},"categories":[2],"tags":[172],"class_list":["post-34215","post","type-post","status-publish","format-standard","has-post-thumbnail","hentry","category-policial","tag-featured"],"amp_enabled":true,"_links":{"self":[{"href":"https:\/\/radiostudiow.com.br\/site\/wp-json\/wp\/v2\/posts\/34215","targetHints":{"allow":["GET"]}}],"collection":[{"href":"https:\/\/radiostudiow.com.br\/site\/wp-json\/wp\/v2\/posts"}],"about":[{"href":"https:\/\/radiostudiow.com.br\/site\/wp-json\/wp\/v2\/types\/post"}],"author":[{"embeddable":true,"href":"https:\/\/radiostudiow.com.br\/site\/wp-json\/wp\/v2\/users\/2"}],"replies":[{"embeddable":true,"href":"https:\/\/radiostudiow.com.br\/site\/wp-json\/wp\/v2\/comments?post=34215"}],"version-history":[{"count":1,"href":"https:\/\/radiostudiow.com.br\/site\/wp-json\/wp\/v2\/posts\/34215\/revisions"}],"predecessor-version":[{"id":34217,"href":"https:\/\/radiostudiow.com.br\/site\/wp-json\/wp\/v2\/posts\/34215\/revisions\/34217"}],"wp:featuredmedia":[{"embeddable":true,"href":"https:\/\/radiostudiow.com.br\/site\/wp-json\/wp\/v2\/media\/34216"}],"wp:attachment":[{"href":"https:\/\/radiostudiow.com.br\/site\/wp-json\/wp\/v2\/media?parent=34215"}],"wp:term":[{"taxonomy":"category","embeddable":true,"href":"https:\/\/radiostudiow.com.br\/site\/wp-json\/wp\/v2\/categories?post=34215"},{"taxonomy":"post_tag","embeddable":true,"href":"https:\/\/radiostudiow.com.br\/site\/wp-json\/wp\/v2\/tags?post=34215"}],"curies":[{"name":"wp","href":"https:\/\/api.w.org\/{rel}","templated":true}]}}