{"id":3422,"date":"2021-08-28T09:39:11","date_gmt":"2021-08-28T12:39:11","guid":{"rendered":"https:\/\/radiostudiow.com.br\/site\/?p=3422"},"modified":"2025-01-31T15:12:30","modified_gmt":"2025-01-31T18:12:30","slug":"pm-de-sao-mateus-do-sul-prende-homem-por-trafico-de-drogas","status":"publish","type":"post","link":"https:\/\/radiostudiow.com.br\/site\/2021\/08\/28\/pm-de-sao-mateus-do-sul-prende-homem-por-trafico-de-drogas\/","title":{"rendered":"PM de S\u00e3o Mateus do Sul prende homem por tr\u00e1fico de drogas"},"content":{"rendered":"\n<p>Ap\u00f3s v\u00e1rias den\u00fancias a equipe da Pol\u00edcia Militar de S\u00e3o Mateus do Sul prenderam um autor de tr\u00e1fico de drogas na \u00e1rea central do munic\u00edpio por volta das 23:40 horas dessa sexta \u2013 feira (27).<\/p>\n\n\n\n<p>De acordo com a den\u00fancia, um homem vinha comercializando entorpecentes junto \u00e0s casas noturnas da cidade e diante da afirma\u00e7\u00e3o de que o suspeito estaria em um estabelecimento comercial, a equipe policial de imediato iniciou o patrulhamento nas imedia\u00e7\u00f5es no intuito de localizar o homem realizando a atividade de trafico.<\/p>\n\n\n\n<p>No local a PM visualizou algumas pessoas no terreno ao lado do referido estabelecimento, as quais ao notar a presen\u00e7a da viatura demonstraram nervosismo. Ap\u00f3s abordarem, em revista pessoal no suspeito que se encontrava no local, foi localizado R$ 950,00 (Novecentos e cinquenta reais), por\u00e9m, sem demais il\u00edcitos sendo liberado do local.<\/p>\n\n\n\n<p>Realizado revista pessoal em todas as pessoas presentes, nada de licito localizado.<\/p>\n\n\n\n<p>J\u00e1 em confer\u00eancia ao terreno foi visualizado dois inv\u00f3lucros do tipo ziplock, um contento 09 buchas da subst\u00e2ncia an\u00e1loga a coca\u00edna e o outro com um comprimido de ecstasy. As pessoas foram questionadas quanto a quem pertenciam tais subst\u00e2ncias localizadas e um dos suspeitos prontamente assumiu a propriedade.<\/p>\n\n\n\n<p>Dado voz de pris\u00e3o ao autor e conduzidos at\u00e9 o pronto atendimento para exames ambulatoriais e posteriormente entregue na 3\u00aa SDP para os procedimentos inerentes a pol\u00edcia judiciaria.<\/p>\n\n\n\n<figure class=\"wp-block-image size-large\"><img decoding=\"async\" src=\"https:\/\/radiostudiow.com.br\/site\/wp-content\/uploads\/2021\/08\/plantaohiper-984x1024.jpg\" alt=\"\" class=\"wp-image-3423\"\/><\/figure>\n","protected":false},"excerpt":{"rendered":"<p>Ap\u00f3s v\u00e1rias den\u00fancias a equipe da Pol\u00edcia Militar de S\u00e3o Mateus do Sul prenderam um autor de tr\u00e1fico de drogas na \u00e1rea central do munic\u00edpio por volta das 23:40 horas dessa sexta \u2013 feira (27). De acordo com a den\u00fancia, um homem vinha comercializando entorpecentes junto \u00e0s casas noturnas da cidade e diante da afirma\u00e7\u00e3o [&hellip;]<\/p>\n","protected":false},"author":2,"featured_media":0,"comment_status":"open","ping_status":"open","sticky":false,"template":"","format":"standard","meta":{"footnotes":""},"categories":[2],"tags":[172],"class_list":["post-3422","post","type-post","status-publish","format-standard","hentry","category-policial","tag-featured"],"amp_enabled":true,"_links":{"self":[{"href":"https:\/\/radiostudiow.com.br\/site\/wp-json\/wp\/v2\/posts\/3422","targetHints":{"allow":["GET"]}}],"collection":[{"href":"https:\/\/radiostudiow.com.br\/site\/wp-json\/wp\/v2\/posts"}],"about":[{"href":"https:\/\/radiostudiow.com.br\/site\/wp-json\/wp\/v2\/types\/post"}],"author":[{"embeddable":true,"href":"https:\/\/radiostudiow.com.br\/site\/wp-json\/wp\/v2\/users\/2"}],"replies":[{"embeddable":true,"href":"https:\/\/radiostudiow.com.br\/site\/wp-json\/wp\/v2\/comments?post=3422"}],"version-history":[{"count":1,"href":"https:\/\/radiostudiow.com.br\/site\/wp-json\/wp\/v2\/posts\/3422\/revisions"}],"predecessor-version":[{"id":3424,"href":"https:\/\/radiostudiow.com.br\/site\/wp-json\/wp\/v2\/posts\/3422\/revisions\/3424"}],"wp:attachment":[{"href":"https:\/\/radiostudiow.com.br\/site\/wp-json\/wp\/v2\/media?parent=3422"}],"wp:term":[{"taxonomy":"category","embeddable":true,"href":"https:\/\/radiostudiow.com.br\/site\/wp-json\/wp\/v2\/categories?post=3422"},{"taxonomy":"post_tag","embeddable":true,"href":"https:\/\/radiostudiow.com.br\/site\/wp-json\/wp\/v2\/tags?post=3422"}],"curies":[{"name":"wp","href":"https:\/\/api.w.org\/{rel}","templated":true}]}}