{"id":34223,"date":"2025-02-15T09:06:37","date_gmt":"2025-02-15T12:06:37","guid":{"rendered":"https:\/\/radiostudiow.com.br\/site\/?p=34223"},"modified":"2025-02-15T09:18:53","modified_gmt":"2025-02-15T12:18:53","slug":"motorista-e-baleado-em-porto-uniao","status":"publish","type":"post","link":"https:\/\/radiostudiow.com.br\/site\/2025\/02\/15\/motorista-e-baleado-em-porto-uniao\/","title":{"rendered":"Motorista \u00e9 baleado em Porto Uni\u00e3o"},"content":{"rendered":"\n<p>O Corpo de Bombeiros de Porto Uni\u00e3o foi acionado para atendimento de uma vitima de disparo de arma de fogo na Rua Jer\u00f4nimo Coelho, na \u00e1rea central por volta das 03h10min deste s\u00e1bado (15).<\/p>\n\n\n\n<p>Segundo os bombeiros, ao chegar no local foi confirmado que um homem de 21 anos estava sentado no banco do motorista de um ve\u00edculo Palio que havia colidido com outro autom\u00f3vel que estava estacionado.<\/p>\n\n\n\n<figure class=\"wp-block-image size-full\"><img loading=\"lazy\" decoding=\"async\" width=\"598\" height=\"204\" src=\"https:\/\/radiostudiow.com.br\/site\/wp-content\/uploads\/2025\/01\/SITE-MEDIO3.png\" alt=\"\" class=\"wp-image-32815\" srcset=\"https:\/\/radiostudiow.com.br\/site\/wp-content\/uploads\/2025\/01\/SITE-MEDIO3.png 598w, https:\/\/radiostudiow.com.br\/site\/wp-content\/uploads\/2025\/01\/SITE-MEDIO3-300x102.png 300w\" sizes=\"auto, (max-width: 598px) 100vw, 598px\" \/><\/figure>\n\n\n\n<p>A pol\u00edcia militar estava presente no local e isolado a \u00e1rea. A v\u00edtima estava inconsciente, apresentando uma perfura\u00e7\u00e3o na regi\u00e3o frontal do cr\u00e2nio, proveniente de um disparo por arma de fogo e seus sinais vitais estavam alterados.<\/p>\n\n\n\n<p>A guarni\u00e7\u00e3o realizou um curativo na regi\u00e3o do ferimento e conduziu a v\u00edtima ao hospital S\u00e3o Camilo\/S\u00e3o Braz. O local ficou sob os cuidados da Pol\u00edcia Militar.<\/p>\n\n\n\n<figure class=\"wp-block-image size-large\"><img loading=\"lazy\" decoding=\"async\" width=\"1024\" height=\"1024\" src=\"https:\/\/radiostudiow.com.br\/site\/wp-content\/uploads\/2025\/02\/480326139_1021909379974060_8683163823271431146_n-1024x1024.jpg\" alt=\"\" class=\"wp-image-34237\" srcset=\"https:\/\/radiostudiow.com.br\/site\/wp-content\/uploads\/2025\/02\/480326139_1021909379974060_8683163823271431146_n-1024x1024.jpg 1024w, https:\/\/radiostudiow.com.br\/site\/wp-content\/uploads\/2025\/02\/480326139_1021909379974060_8683163823271431146_n-300x300.jpg 300w, https:\/\/radiostudiow.com.br\/site\/wp-content\/uploads\/2025\/02\/480326139_1021909379974060_8683163823271431146_n-768x768.jpg 768w, https:\/\/radiostudiow.com.br\/site\/wp-content\/uploads\/2025\/02\/480326139_1021909379974060_8683163823271431146_n-80x80.jpg 80w, https:\/\/radiostudiow.com.br\/site\/wp-content\/uploads\/2025\/02\/480326139_1021909379974060_8683163823271431146_n.jpg 1440w\" sizes=\"auto, (max-width: 1024px) 100vw, 1024px\" \/><\/figure>\n","protected":false},"excerpt":{"rendered":"<p>O Corpo de Bombeiros de Porto Uni\u00e3o foi acionado para atendimento de uma vitima de disparo de arma de fogo na Rua Jer\u00f4nimo Coelho, na \u00e1rea central por volta das 03h10min deste s\u00e1bado (15). Segundo os bombeiros, ao chegar no local foi confirmado que um homem de 21 anos estava sentado no banco do motorista [&hellip;]<\/p>\n","protected":false},"author":2,"featured_media":34224,"comment_status":"open","ping_status":"open","sticky":false,"template":"","format":"standard","meta":{"footnotes":""},"categories":[2],"tags":[172],"class_list":["post-34223","post","type-post","status-publish","format-standard","has-post-thumbnail","hentry","category-policial","tag-featured"],"amp_enabled":true,"_links":{"self":[{"href":"https:\/\/radiostudiow.com.br\/site\/wp-json\/wp\/v2\/posts\/34223","targetHints":{"allow":["GET"]}}],"collection":[{"href":"https:\/\/radiostudiow.com.br\/site\/wp-json\/wp\/v2\/posts"}],"about":[{"href":"https:\/\/radiostudiow.com.br\/site\/wp-json\/wp\/v2\/types\/post"}],"author":[{"embeddable":true,"href":"https:\/\/radiostudiow.com.br\/site\/wp-json\/wp\/v2\/users\/2"}],"replies":[{"embeddable":true,"href":"https:\/\/radiostudiow.com.br\/site\/wp-json\/wp\/v2\/comments?post=34223"}],"version-history":[{"count":2,"href":"https:\/\/radiostudiow.com.br\/site\/wp-json\/wp\/v2\/posts\/34223\/revisions"}],"predecessor-version":[{"id":34238,"href":"https:\/\/radiostudiow.com.br\/site\/wp-json\/wp\/v2\/posts\/34223\/revisions\/34238"}],"wp:featuredmedia":[{"embeddable":true,"href":"https:\/\/radiostudiow.com.br\/site\/wp-json\/wp\/v2\/media\/34224"}],"wp:attachment":[{"href":"https:\/\/radiostudiow.com.br\/site\/wp-json\/wp\/v2\/media?parent=34223"}],"wp:term":[{"taxonomy":"category","embeddable":true,"href":"https:\/\/radiostudiow.com.br\/site\/wp-json\/wp\/v2\/categories?post=34223"},{"taxonomy":"post_tag","embeddable":true,"href":"https:\/\/radiostudiow.com.br\/site\/wp-json\/wp\/v2\/tags?post=34223"}],"curies":[{"name":"wp","href":"https:\/\/api.w.org\/{rel}","templated":true}]}}