{"id":34254,"date":"2025-02-15T10:08:26","date_gmt":"2025-02-15T13:08:26","guid":{"rendered":"https:\/\/radiostudiow.com.br\/site\/?p=34254"},"modified":"2025-02-15T10:08:27","modified_gmt":"2025-02-15T13:08:27","slug":"policia-rodoviaria-federal-e-o-27o-batalhaoda-policia-militar-apreendem-carga-sem-nota-fiscal-em-porto-vitoria","status":"publish","type":"post","link":"https:\/\/radiostudiow.com.br\/site\/2025\/02\/15\/policia-rodoviaria-federal-e-o-27o-batalhaoda-policia-militar-apreendem-carga-sem-nota-fiscal-em-porto-vitoria\/","title":{"rendered":"Pol\u00edcia Rodovi\u00e1ria Federal e o 27\u00ba Batalh\u00e3oda Pol\u00edcia Militar apreendem carga sem nota fiscal em Porto Vit\u00f3ria"},"content":{"rendered":"\n<p>Durante uma a\u00e7\u00e3o conjunta entre a Pol\u00edcia Rodovi\u00e1ria Federal (PRF) e o 27\u00ba Batalh\u00e3oda Pol\u00edcia Militar (PM), na cidade de Uni\u00e3o da Vit\u00f3ria por volta das 23h45min dessa sexta-feira, 14 de fevereiro, foi realizado a pris\u00e3o de um homem pelo crime de contrabando e descaminho no Trevo de Porto Vit\u00f3ria.<\/p>\n\n\n\n<p>Um caminh\u00e3o com semi-reboque foi abordado ap\u00f3s uma manobra brusca no trevo de acesso a Porto Vit\u00f3ria-PR. Na inspe\u00e7\u00e3o inicial,nada il\u00edcito foi encontrado na cabine do ve\u00edculo.<\/p>\n\n\n\n<figure class=\"wp-block-image size-full\"><img loading=\"lazy\" decoding=\"async\" width=\"598\" height=\"204\" src=\"https:\/\/radiostudiow.com.br\/site\/wp-content\/uploads\/2025\/01\/SITE-MEDIO7.png\" alt=\"\" class=\"wp-image-32801\" srcset=\"https:\/\/radiostudiow.com.br\/site\/wp-content\/uploads\/2025\/01\/SITE-MEDIO7.png 598w, https:\/\/radiostudiow.com.br\/site\/wp-content\/uploads\/2025\/01\/SITE-MEDIO7-300x102.png 300w\" sizes=\"auto, (max-width: 598px) 100vw, 598px\" \/><\/figure>\n\n\n\n<p>Entretanto, c\u00e3es farejadores indicaram poss\u00edvelpresen\u00e7a de subst\u00e2ncias irregulares na carga. Ap\u00f3s o descarregamento em uma empresa local, foi identificada uma carga sem nota fiscal contendo produtos de contrabando e descaminho, comocigarros eletr\u00f4nicos e smartphones.<\/p>\n\n\n\n<p>O motorista foi detido e encaminhado \u00e0 Pol\u00edcia Federal. A cargae o ve\u00edculo foram destinados \u00e0 Receita Federal em Ponta Grossa-PR, com o caminh\u00e3otemporariamente retido no p\u00e1tio do 27\u00ba BPM<\/p>\n","protected":false},"excerpt":{"rendered":"<p>Durante uma a\u00e7\u00e3o conjunta entre a Pol\u00edcia Rodovi\u00e1ria Federal (PRF) e o 27\u00ba Batalh\u00e3oda Pol\u00edcia Militar (PM), na cidade de Uni\u00e3o da Vit\u00f3ria por volta das 23h45min dessa sexta-feira, 14 de fevereiro, foi realizado a pris\u00e3o de um homem pelo crime de contrabando e descaminho no Trevo de Porto Vit\u00f3ria. Um caminh\u00e3o com semi-reboque foi [&hellip;]<\/p>\n","protected":false},"author":2,"featured_media":34263,"comment_status":"open","ping_status":"open","sticky":false,"template":"","format":"standard","meta":{"footnotes":""},"categories":[2],"tags":[172],"class_list":["post-34254","post","type-post","status-publish","format-standard","has-post-thumbnail","hentry","category-policial","tag-featured"],"amp_enabled":true,"_links":{"self":[{"href":"https:\/\/radiostudiow.com.br\/site\/wp-json\/wp\/v2\/posts\/34254","targetHints":{"allow":["GET"]}}],"collection":[{"href":"https:\/\/radiostudiow.com.br\/site\/wp-json\/wp\/v2\/posts"}],"about":[{"href":"https:\/\/radiostudiow.com.br\/site\/wp-json\/wp\/v2\/types\/post"}],"author":[{"embeddable":true,"href":"https:\/\/radiostudiow.com.br\/site\/wp-json\/wp\/v2\/users\/2"}],"replies":[{"embeddable":true,"href":"https:\/\/radiostudiow.com.br\/site\/wp-json\/wp\/v2\/comments?post=34254"}],"version-history":[{"count":2,"href":"https:\/\/radiostudiow.com.br\/site\/wp-json\/wp\/v2\/posts\/34254\/revisions"}],"predecessor-version":[{"id":34261,"href":"https:\/\/radiostudiow.com.br\/site\/wp-json\/wp\/v2\/posts\/34254\/revisions\/34261"}],"wp:featuredmedia":[{"embeddable":true,"href":"https:\/\/radiostudiow.com.br\/site\/wp-json\/wp\/v2\/media\/34263"}],"wp:attachment":[{"href":"https:\/\/radiostudiow.com.br\/site\/wp-json\/wp\/v2\/media?parent=34254"}],"wp:term":[{"taxonomy":"category","embeddable":true,"href":"https:\/\/radiostudiow.com.br\/site\/wp-json\/wp\/v2\/categories?post=34254"},{"taxonomy":"post_tag","embeddable":true,"href":"https:\/\/radiostudiow.com.br\/site\/wp-json\/wp\/v2\/tags?post=34254"}],"curies":[{"name":"wp","href":"https:\/\/api.w.org\/{rel}","templated":true}]}}