{"id":34258,"date":"2025-02-15T12:28:36","date_gmt":"2025-02-15T15:28:36","guid":{"rendered":"https:\/\/radiostudiow.com.br\/site\/?p=34258"},"modified":"2025-02-15T12:33:54","modified_gmt":"2025-02-15T15:33:54","slug":"homem-e-priso-pelo-crime-de-receptacao-em-uniao-da-vitoria","status":"publish","type":"post","link":"https:\/\/radiostudiow.com.br\/site\/2025\/02\/15\/homem-e-priso-pelo-crime-de-receptacao-em-uniao-da-vitoria\/","title":{"rendered":"Homem \u00e9 priso pelo crime de recepta\u00e7\u00e3o em Uni\u00e3o da Vit\u00f3ria"},"content":{"rendered":"\n<p>A equipe da Pol\u00edcia Militar de Uni\u00e3o da Vit\u00f3ria estava em patrulhamento pelo bairro Rocio, quando a equipe foi abordada por um homem relatando uma situa\u00e7\u00e3o de furto. O caso foi registrado por volta das 17 horas dessa sexta-feira (14).<\/p>\n\n\n\n<figure class=\"wp-block-image size-full\"><img loading=\"lazy\" decoding=\"async\" width=\"598\" height=\"204\" src=\"https:\/\/radiostudiow.com.br\/site\/wp-content\/uploads\/2025\/01\/SITE-MEDIO.png\" alt=\"\" class=\"wp-image-32810\" srcset=\"https:\/\/radiostudiow.com.br\/site\/wp-content\/uploads\/2025\/01\/SITE-MEDIO.png 598w, https:\/\/radiostudiow.com.br\/site\/wp-content\/uploads\/2025\/01\/SITE-MEDIO-300x102.png 300w\" sizes=\"auto, (max-width: 598px) 100vw, 598px\" \/><\/figure>\n\n\n\n<p>O solicitante relatou que, pela manh\u00e3, teve sua bicicleta furtada e a avistou com um indiv\u00edduo. Diante das caracter\u00edsticas repassadas pela v\u00edtima, a equipe conseguiu abordar osuspeito, que estava de posse da bicicleta e informou que havia comprado.<\/p>\n\n\n\n<p>Diante dos fatos, av\u00edtima e o autor, juntamente com a bicicleta, foram encaminhados \u00e0 4\u00aa SDP para os procedimentoscab\u00edveis<\/p>\n","protected":false},"excerpt":{"rendered":"<p>A equipe da Pol\u00edcia Militar de Uni\u00e3o da Vit\u00f3ria estava em patrulhamento pelo bairro Rocio, quando a equipe foi abordada por um homem relatando uma situa\u00e7\u00e3o de furto. O caso foi registrado por volta das 17 horas dessa sexta-feira (14). O solicitante relatou que, pela manh\u00e3, teve sua bicicleta furtada e a avistou com um [&hellip;]<\/p>\n","protected":false},"author":2,"featured_media":34278,"comment_status":"open","ping_status":"open","sticky":false,"template":"","format":"standard","meta":{"footnotes":""},"categories":[2],"tags":[172],"class_list":["post-34258","post","type-post","status-publish","format-standard","has-post-thumbnail","hentry","category-policial","tag-featured"],"amp_enabled":true,"_links":{"self":[{"href":"https:\/\/radiostudiow.com.br\/site\/wp-json\/wp\/v2\/posts\/34258","targetHints":{"allow":["GET"]}}],"collection":[{"href":"https:\/\/radiostudiow.com.br\/site\/wp-json\/wp\/v2\/posts"}],"about":[{"href":"https:\/\/radiostudiow.com.br\/site\/wp-json\/wp\/v2\/types\/post"}],"author":[{"embeddable":true,"href":"https:\/\/radiostudiow.com.br\/site\/wp-json\/wp\/v2\/users\/2"}],"replies":[{"embeddable":true,"href":"https:\/\/radiostudiow.com.br\/site\/wp-json\/wp\/v2\/comments?post=34258"}],"version-history":[{"count":2,"href":"https:\/\/radiostudiow.com.br\/site\/wp-json\/wp\/v2\/posts\/34258\/revisions"}],"predecessor-version":[{"id":34276,"href":"https:\/\/radiostudiow.com.br\/site\/wp-json\/wp\/v2\/posts\/34258\/revisions\/34276"}],"wp:featuredmedia":[{"embeddable":true,"href":"https:\/\/radiostudiow.com.br\/site\/wp-json\/wp\/v2\/media\/34278"}],"wp:attachment":[{"href":"https:\/\/radiostudiow.com.br\/site\/wp-json\/wp\/v2\/media?parent=34258"}],"wp:term":[{"taxonomy":"category","embeddable":true,"href":"https:\/\/radiostudiow.com.br\/site\/wp-json\/wp\/v2\/categories?post=34258"},{"taxonomy":"post_tag","embeddable":true,"href":"https:\/\/radiostudiow.com.br\/site\/wp-json\/wp\/v2\/tags?post=34258"}],"curies":[{"name":"wp","href":"https:\/\/api.w.org\/{rel}","templated":true}]}}