{"id":3426,"date":"2021-08-28T10:01:30","date_gmt":"2021-08-28T13:01:30","guid":{"rendered":"https:\/\/radiostudiow.com.br\/site\/?p=3426"},"modified":"2025-01-31T15:12:30","modified_gmt":"2025-01-31T18:12:30","slug":"homem-ameaca-de-morte-irmao-e-cunhada-em-sao-mateus-do-sul","status":"publish","type":"post","link":"https:\/\/radiostudiow.com.br\/site\/2021\/08\/28\/homem-ameaca-de-morte-irmao-e-cunhada-em-sao-mateus-do-sul\/","title":{"rendered":"Homem amea\u00e7a de morte irm\u00e3o e cunhada em S\u00e3o Mateus do Sul"},"content":{"rendered":"\n<p>Homem discute com irm\u00e3o e danificam ve\u00edculo e resid\u00eancia por volta das 23:00 horas dessa sexta \u2013 feira, 27 de agosto, na localidade de Vila JD Santa Cruz em S\u00e3o Mateus do Sul.<\/p>\n\n\n\n<p>De acordo com a solicitante, seu cunhado chegou embriagado at\u00e9 a sua resid\u00eancia e come\u00e7ou amea\u00e7ar ela e seu marido, dizendo que mataria os dois. Em seguida, danificou um ve\u00edculo e a parede da resid\u00eancia com chutes.<\/p>\n\n\n\n<p>No momento da chegada da equipe o autor j\u00e1 n\u00e3o estava mais no local.<\/p>\n\n\n\n<p>A mulher ainda relatou que este fato ocorreu devido a desaven\u00e7as anteriores entre os mesmos.<\/p>\n\n\n\n<p>Diante da situa\u00e7\u00e3o os policiais orientaram as v\u00edtimas quanto aos procedimentos cab\u00edveis.<\/p>\n\n\n\n<figure class=\"wp-block-image size-large\"><img decoding=\"async\" src=\"https:\/\/radiostudiow.com.br\/site\/wp-content\/uploads\/2021\/08\/CAPA-1-1024x711.jpg\" alt=\"\" class=\"wp-image-3427\"\/><\/figure>\n","protected":false},"excerpt":{"rendered":"<p>Homem discute com irm\u00e3o e danificam ve\u00edculo e resid\u00eancia por volta das 23:00 horas dessa sexta \u2013 feira, 27 de agosto, na localidade de Vila JD Santa Cruz em S\u00e3o Mateus do Sul. De acordo com a solicitante, seu cunhado chegou embriagado at\u00e9 a sua resid\u00eancia e come\u00e7ou amea\u00e7ar ela e seu marido, dizendo que [&hellip;]<\/p>\n","protected":false},"author":2,"featured_media":0,"comment_status":"open","ping_status":"open","sticky":false,"template":"","format":"standard","meta":{"footnotes":""},"categories":[2],"tags":[172],"class_list":["post-3426","post","type-post","status-publish","format-standard","hentry","category-policial","tag-featured"],"amp_enabled":true,"_links":{"self":[{"href":"https:\/\/radiostudiow.com.br\/site\/wp-json\/wp\/v2\/posts\/3426","targetHints":{"allow":["GET"]}}],"collection":[{"href":"https:\/\/radiostudiow.com.br\/site\/wp-json\/wp\/v2\/posts"}],"about":[{"href":"https:\/\/radiostudiow.com.br\/site\/wp-json\/wp\/v2\/types\/post"}],"author":[{"embeddable":true,"href":"https:\/\/radiostudiow.com.br\/site\/wp-json\/wp\/v2\/users\/2"}],"replies":[{"embeddable":true,"href":"https:\/\/radiostudiow.com.br\/site\/wp-json\/wp\/v2\/comments?post=3426"}],"version-history":[{"count":1,"href":"https:\/\/radiostudiow.com.br\/site\/wp-json\/wp\/v2\/posts\/3426\/revisions"}],"predecessor-version":[{"id":3428,"href":"https:\/\/radiostudiow.com.br\/site\/wp-json\/wp\/v2\/posts\/3426\/revisions\/3428"}],"wp:attachment":[{"href":"https:\/\/radiostudiow.com.br\/site\/wp-json\/wp\/v2\/media?parent=3426"}],"wp:term":[{"taxonomy":"category","embeddable":true,"href":"https:\/\/radiostudiow.com.br\/site\/wp-json\/wp\/v2\/categories?post=3426"},{"taxonomy":"post_tag","embeddable":true,"href":"https:\/\/radiostudiow.com.br\/site\/wp-json\/wp\/v2\/tags?post=3426"}],"curies":[{"name":"wp","href":"https:\/\/api.w.org\/{rel}","templated":true}]}}