{"id":34270,"date":"2025-02-15T12:24:18","date_gmt":"2025-02-15T15:24:18","guid":{"rendered":"https:\/\/radiostudiow.com.br\/site\/?p=34270"},"modified":"2025-02-15T12:24:43","modified_gmt":"2025-02-15T15:24:43","slug":"atencao-usuarios-da-br-153-em-irati-engenheiro-explica-obras-na-construcao-de-viaduto-proximo-a-entrada-da-unicentro","status":"publish","type":"post","link":"https:\/\/radiostudiow.com.br\/site\/2025\/02\/15\/atencao-usuarios-da-br-153-em-irati-engenheiro-explica-obras-na-construcao-de-viaduto-proximo-a-entrada-da-unicentro\/","title":{"rendered":"V\u00cdDEO: Aten\u00e7\u00e3o usu\u00e1rios da BR 153 em Irati! Engenheiro explica Obras na constru\u00e7\u00e3o de viaduto pr\u00f3ximo a entrada da UNICENTRO"},"content":{"rendered":"\n<p>A obra do viaduto que ligar\u00e1 a BR-153 \u00e0 PR-364 j\u00e1 est\u00e1 em andamento! Para garantir a execu\u00e7\u00e3o, um desvio foi implantado na lateral da rodovia e permanecer\u00e1 ativo por cerca de 3 a 4 meses.<\/p>\n\n\n\n<figure class=\"wp-block-image size-full\"><img loading=\"lazy\" decoding=\"async\" width=\"897\" height=\"204\" src=\"https:\/\/radiostudiow.com.br\/site\/wp-content\/uploads\/2025\/01\/SITE-GRANDE.png\" alt=\"\" class=\"wp-image-32809\" srcset=\"https:\/\/radiostudiow.com.br\/site\/wp-content\/uploads\/2025\/01\/SITE-GRANDE.png 897w, https:\/\/radiostudiow.com.br\/site\/wp-content\/uploads\/2025\/01\/SITE-GRANDE-300x68.png 300w, https:\/\/radiostudiow.com.br\/site\/wp-content\/uploads\/2025\/01\/SITE-GRANDE-768x175.png 768w\" sizes=\"auto, (max-width: 897px) 100vw, 897px\" \/><\/figure>\n\n\n\n<p>Ap\u00f3s a conclus\u00e3o, o tr\u00e1fego ser\u00e1 liberado, proporcionando um acesso mais r\u00e1pido e seguro entre Rebou\u00e7as, S\u00e3o Mateus do Sul e a PR-364.<\/p>\n\n\n\n<p>\u26a0\ufe0f A via est\u00e1 totalmente sinalizada, mas pedimos aten\u00e7\u00e3o ao trafegar na regi\u00e3o. H\u00e1 tamb\u00e9m uma rota alternativa pelo bairro Lagoa at\u00e9 Engenheiro Gutierrez.<\/p>\n\n\n\n<figure class=\"wp-block-image size-large\"><img loading=\"lazy\" decoding=\"async\" width=\"1024\" height=\"819\" src=\"https:\/\/radiostudiow.com.br\/site\/wp-content\/uploads\/2025\/02\/02-2-1024x819.jpeg\" alt=\"\" class=\"wp-image-34273\" srcset=\"https:\/\/radiostudiow.com.br\/site\/wp-content\/uploads\/2025\/02\/02-2-1024x819.jpeg 1024w, https:\/\/radiostudiow.com.br\/site\/wp-content\/uploads\/2025\/02\/02-2-300x240.jpeg 300w, https:\/\/radiostudiow.com.br\/site\/wp-content\/uploads\/2025\/02\/02-2-768x614.jpeg 768w, https:\/\/radiostudiow.com.br\/site\/wp-content\/uploads\/2025\/02\/02-2.jpeg 1152w\" sizes=\"auto, (max-width: 1024px) 100vw, 1024px\" \/><\/figure>\n\n\n\n<figure class=\"wp-block-video\"><video height=\"1280\" style=\"aspect-ratio: 720 \/ 1280;\" width=\"720\" controls src=\"https:\/\/radiostudiow.com.br\/site\/wp-content\/uploads\/2025\/02\/Viaduto-em-construcao-na-BR-153-Saiba-mais-A-obra-do-viaduto-que-ligara-a-BR-153-a-PR-364-ja-esta-em-andamento-Para-garantir-a-execucao-um-desvio-foi-implantado-na-lateral-da-rodovia-e-per.mp4\"><\/video><\/figure>\n","protected":false},"excerpt":{"rendered":"<p>A obra do viaduto que ligar\u00e1 a BR-153 \u00e0 PR-364 j\u00e1 est\u00e1 em andamento! Para garantir a execu\u00e7\u00e3o, um desvio foi implantado na lateral da rodovia e permanecer\u00e1 ativo por cerca de 3 a 4 meses. Ap\u00f3s a conclus\u00e3o, o tr\u00e1fego ser\u00e1 liberado, proporcionando um acesso mais r\u00e1pido e seguro entre Rebou\u00e7as, S\u00e3o Mateus do [&hellip;]<\/p>\n","protected":false},"author":2,"featured_media":34271,"comment_status":"open","ping_status":"open","sticky":false,"template":"","format":"standard","meta":{"footnotes":""},"categories":[185],"tags":[172],"class_list":["post-34270","post","type-post","status-publish","format-standard","has-post-thumbnail","hentry","category-regional","tag-featured"],"amp_enabled":true,"_links":{"self":[{"href":"https:\/\/radiostudiow.com.br\/site\/wp-json\/wp\/v2\/posts\/34270","targetHints":{"allow":["GET"]}}],"collection":[{"href":"https:\/\/radiostudiow.com.br\/site\/wp-json\/wp\/v2\/posts"}],"about":[{"href":"https:\/\/radiostudiow.com.br\/site\/wp-json\/wp\/v2\/types\/post"}],"author":[{"embeddable":true,"href":"https:\/\/radiostudiow.com.br\/site\/wp-json\/wp\/v2\/users\/2"}],"replies":[{"embeddable":true,"href":"https:\/\/radiostudiow.com.br\/site\/wp-json\/wp\/v2\/comments?post=34270"}],"version-history":[{"count":2,"href":"https:\/\/radiostudiow.com.br\/site\/wp-json\/wp\/v2\/posts\/34270\/revisions"}],"predecessor-version":[{"id":34275,"href":"https:\/\/radiostudiow.com.br\/site\/wp-json\/wp\/v2\/posts\/34270\/revisions\/34275"}],"wp:featuredmedia":[{"embeddable":true,"href":"https:\/\/radiostudiow.com.br\/site\/wp-json\/wp\/v2\/media\/34271"}],"wp:attachment":[{"href":"https:\/\/radiostudiow.com.br\/site\/wp-json\/wp\/v2\/media?parent=34270"}],"wp:term":[{"taxonomy":"category","embeddable":true,"href":"https:\/\/radiostudiow.com.br\/site\/wp-json\/wp\/v2\/categories?post=34270"},{"taxonomy":"post_tag","embeddable":true,"href":"https:\/\/radiostudiow.com.br\/site\/wp-json\/wp\/v2\/tags?post=34270"}],"curies":[{"name":"wp","href":"https:\/\/api.w.org\/{rel}","templated":true}]}}