{"id":34281,"date":"2025-02-16T10:02:01","date_gmt":"2025-02-16T13:02:01","guid":{"rendered":"https:\/\/radiostudiow.com.br\/site\/?p=34281"},"modified":"2025-02-16T10:04:12","modified_gmt":"2025-02-16T13:04:12","slug":"acidente-na-br-153-entre-mallet-e-rio-azul-mobiliza-brigadistas-comunitarios","status":"publish","type":"post","link":"https:\/\/radiostudiow.com.br\/site\/2025\/02\/16\/acidente-na-br-153-entre-mallet-e-rio-azul-mobiliza-brigadistas-comunitarios\/","title":{"rendered":"Acidente na BR-153 entre Mallet e Rio Azul mobiliza brigadistas comunit\u00e1rios"},"content":{"rendered":"\n<p><\/p>\n\n\n\n<figure class=\"wp-block-image size-full\"><img loading=\"lazy\" decoding=\"async\" width=\"900\" height=\"205\" src=\"https:\/\/radiostudiow.com.br\/site\/wp-content\/uploads\/2024\/03\/bannertijolao-e1733625657395.jpg\" alt=\"\" class=\"wp-image-20494\" srcset=\"https:\/\/radiostudiow.com.br\/site\/wp-content\/uploads\/2024\/03\/bannertijolao-e1733625657395.jpg 900w, https:\/\/radiostudiow.com.br\/site\/wp-content\/uploads\/2024\/03\/bannertijolao-e1733625657395-300x68.jpg 300w, https:\/\/radiostudiow.com.br\/site\/wp-content\/uploads\/2024\/03\/bannertijolao-e1733625657395-768x175.jpg 768w\" sizes=\"auto, (max-width: 900px) 100vw, 900px\" \/><\/figure>\n\n\n\n<figure class=\"wp-block-image size-full\"><img loading=\"lazy\" decoding=\"async\" width=\"897\" height=\"204\" src=\"https:\/\/radiostudiow.com.br\/site\/wp-content\/uploads\/2024\/08\/TIJOLAO.png\" alt=\"\" class=\"wp-image-25951\" srcset=\"https:\/\/radiostudiow.com.br\/site\/wp-content\/uploads\/2024\/08\/TIJOLAO.png 897w, https:\/\/radiostudiow.com.br\/site\/wp-content\/uploads\/2024\/08\/TIJOLAO-300x68.png 300w, https:\/\/radiostudiow.com.br\/site\/wp-content\/uploads\/2024\/08\/TIJOLAO-768x175.png 768w\" sizes=\"auto, (max-width: 897px) 100vw, 897px\" \/><\/figure>\n\n\n\n<p><\/p>\n\n\n\n<p style=\"font-size:21px\">No in\u00edcio da madrugada deste domingo (16), por volta de 1h20, os Brigadistas Comunit\u00e1rios de Mallet foram acionados para atender a uma sa\u00edda de pista na BR-153, nas proximidades do km 373, entre os munic\u00edpios de Mallet e Rio Azul.<\/p>\n\n\n\n<p style=\"font-size:21px\">Segundo informa\u00e7\u00f5es das equipes de resgate, o ve\u00edculo envolvido no acidente, um Ford Fiesta, transportava quatro ocupantes. Felizmente, apenas um homem sofreu ferimentos e foi encaminhado para o Hospital S\u00e3o Pedro pela ambul\u00e2ncia de plant\u00e3o.<\/p>\n\n\n\n<p style=\"font-size:21px\">Os demais passageiros n\u00e3o apresentaram ferimentos e foram avaliados no local pelas equipes&nbsp;de&nbsp;socorro.<\/p>\n\n\n\n<figure class=\"wp-block-image size-large\"><img loading=\"lazy\" decoding=\"async\" width=\"576\" height=\"1024\" src=\"https:\/\/radiostudiow.com.br\/site\/wp-content\/uploads\/2025\/02\/Imagem-do-WhatsApp-de-2025-02-16-as-09.34.57_efe8f12a-576x1024.jpg\" alt=\"\" class=\"wp-image-34282\" srcset=\"https:\/\/radiostudiow.com.br\/site\/wp-content\/uploads\/2025\/02\/Imagem-do-WhatsApp-de-2025-02-16-as-09.34.57_efe8f12a-576x1024.jpg 576w, https:\/\/radiostudiow.com.br\/site\/wp-content\/uploads\/2025\/02\/Imagem-do-WhatsApp-de-2025-02-16-as-09.34.57_efe8f12a-169x300.jpg 169w, https:\/\/radiostudiow.com.br\/site\/wp-content\/uploads\/2025\/02\/Imagem-do-WhatsApp-de-2025-02-16-as-09.34.57_efe8f12a.jpg 720w\" sizes=\"auto, (max-width: 576px) 100vw, 576px\" \/><\/figure>\n\n\n\n<figure class=\"wp-block-image size-large\"><img loading=\"lazy\" decoding=\"async\" width=\"576\" height=\"1024\" src=\"https:\/\/radiostudiow.com.br\/site\/wp-content\/uploads\/2025\/02\/Imagem-do-WhatsApp-de-2025-02-16-as-09.34.57_87e1ab47-576x1024.jpg\" alt=\"\" class=\"wp-image-34283\" srcset=\"https:\/\/radiostudiow.com.br\/site\/wp-content\/uploads\/2025\/02\/Imagem-do-WhatsApp-de-2025-02-16-as-09.34.57_87e1ab47-576x1024.jpg 576w, https:\/\/radiostudiow.com.br\/site\/wp-content\/uploads\/2025\/02\/Imagem-do-WhatsApp-de-2025-02-16-as-09.34.57_87e1ab47-169x300.jpg 169w, https:\/\/radiostudiow.com.br\/site\/wp-content\/uploads\/2025\/02\/Imagem-do-WhatsApp-de-2025-02-16-as-09.34.57_87e1ab47.jpg 720w\" sizes=\"auto, (max-width: 576px) 100vw, 576px\" \/><\/figure>\n\n\n\n<p><\/p>\n\n\n\n<figure class=\"wp-block-image size-full\"><img decoding=\"async\" src=\"https:\/\/radiostudiow.com.br\/site\/wp-content\/uploads\/2024\/01\/SITE-GRANDE.png\" alt=\"\" class=\"wp-image-18949\"\/><\/figure>\n","protected":false},"excerpt":{"rendered":"<p>No in\u00edcio da madrugada deste domingo (16), por volta de 1h20, os Brigadistas Comunit\u00e1rios de Mallet foram acionados para atender a uma sa\u00edda de pista na BR-153, nas proximidades do km 373, entre os munic\u00edpios de Mallet e Rio Azul. Segundo informa\u00e7\u00f5es das equipes de resgate, o ve\u00edculo envolvido no acidente, um Ford Fiesta, transportava [&hellip;]<\/p>\n","protected":false},"author":2,"featured_media":34283,"comment_status":"open","ping_status":"open","sticky":false,"template":"","format":"standard","meta":{"footnotes":""},"categories":[7,184],"tags":[172],"class_list":["post-34281","post","type-post","status-publish","format-standard","has-post-thumbnail","hentry","category-geral","category-local","tag-featured"],"amp_enabled":true,"_links":{"self":[{"href":"https:\/\/radiostudiow.com.br\/site\/wp-json\/wp\/v2\/posts\/34281","targetHints":{"allow":["GET"]}}],"collection":[{"href":"https:\/\/radiostudiow.com.br\/site\/wp-json\/wp\/v2\/posts"}],"about":[{"href":"https:\/\/radiostudiow.com.br\/site\/wp-json\/wp\/v2\/types\/post"}],"author":[{"embeddable":true,"href":"https:\/\/radiostudiow.com.br\/site\/wp-json\/wp\/v2\/users\/2"}],"replies":[{"embeddable":true,"href":"https:\/\/radiostudiow.com.br\/site\/wp-json\/wp\/v2\/comments?post=34281"}],"version-history":[{"count":2,"href":"https:\/\/radiostudiow.com.br\/site\/wp-json\/wp\/v2\/posts\/34281\/revisions"}],"predecessor-version":[{"id":34286,"href":"https:\/\/radiostudiow.com.br\/site\/wp-json\/wp\/v2\/posts\/34281\/revisions\/34286"}],"wp:featuredmedia":[{"embeddable":true,"href":"https:\/\/radiostudiow.com.br\/site\/wp-json\/wp\/v2\/media\/34283"}],"wp:attachment":[{"href":"https:\/\/radiostudiow.com.br\/site\/wp-json\/wp\/v2\/media?parent=34281"}],"wp:term":[{"taxonomy":"category","embeddable":true,"href":"https:\/\/radiostudiow.com.br\/site\/wp-json\/wp\/v2\/categories?post=34281"},{"taxonomy":"post_tag","embeddable":true,"href":"https:\/\/radiostudiow.com.br\/site\/wp-json\/wp\/v2\/tags?post=34281"}],"curies":[{"name":"wp","href":"https:\/\/api.w.org\/{rel}","templated":true}]}}