{"id":34289,"date":"2025-02-16T20:52:38","date_gmt":"2025-02-16T23:52:38","guid":{"rendered":"https:\/\/radiostudiow.com.br\/site\/?p=34289"},"modified":"2025-02-16T20:52:50","modified_gmt":"2025-02-16T23:52:50","slug":"motorista-morre-em-acidente-na-br-476-na-regiao-de-fluviopolis","status":"publish","type":"post","link":"https:\/\/radiostudiow.com.br\/site\/2025\/02\/16\/motorista-morre-em-acidente-na-br-476-na-regiao-de-fluviopolis\/","title":{"rendered":"Motorista morre em acidente na BR-476 na regi\u00e3o de Fluvi\u00f3polis"},"content":{"rendered":"\n<p><\/p>\n\n\n\n<figure class=\"wp-block-image size-full\"><img loading=\"lazy\" decoding=\"async\" width=\"900\" height=\"205\" src=\"https:\/\/radiostudiow.com.br\/site\/wp-content\/uploads\/2024\/03\/bannertijolao-e1733625657395.jpg\" alt=\"\" class=\"wp-image-20494\" srcset=\"https:\/\/radiostudiow.com.br\/site\/wp-content\/uploads\/2024\/03\/bannertijolao-e1733625657395.jpg 900w, https:\/\/radiostudiow.com.br\/site\/wp-content\/uploads\/2024\/03\/bannertijolao-e1733625657395-300x68.jpg 300w, https:\/\/radiostudiow.com.br\/site\/wp-content\/uploads\/2024\/03\/bannertijolao-e1733625657395-768x175.jpg 768w\" sizes=\"auto, (max-width: 900px) 100vw, 900px\" \/><\/figure>\n\n\n\n<figure class=\"wp-block-image size-full\"><img loading=\"lazy\" decoding=\"async\" width=\"897\" height=\"204\" src=\"https:\/\/radiostudiow.com.br\/site\/wp-content\/uploads\/2024\/08\/TIJOLAO.png\" alt=\"\" class=\"wp-image-25951\" srcset=\"https:\/\/radiostudiow.com.br\/site\/wp-content\/uploads\/2024\/08\/TIJOLAO.png 897w, https:\/\/radiostudiow.com.br\/site\/wp-content\/uploads\/2024\/08\/TIJOLAO-300x68.png 300w, https:\/\/radiostudiow.com.br\/site\/wp-content\/uploads\/2024\/08\/TIJOLAO-768x175.png 768w\" sizes=\"auto, (max-width: 897px) 100vw, 897px\" \/><\/figure>\n\n\n\n<p><\/p>\n\n\n\n<p style=\"font-size:21px\">No in\u00edcio da tarde deste domingo (16), um grave acidente envolvendo uma carreta e um ve\u00edculo de passeio foi registrado no km 300 da Rodovia do Xisto (BR-476), na regi\u00e3o de Fluviopolis<\/p>\n\n\n\n<p style=\"font-size:21px\">Equipes de resgate do Corpo de Bombeiros e do SAMU foram acionadas e prestaram atendimento ao motorista do caminh\u00e3o, que sofreu ferimentos e foi encaminhado ao Pronto-Socorro Municipal.<\/p>\n\n\n\n<p style=\"font-size:21px\">J\u00e1 o condutor do ve\u00edculo Chevrolet Vectra, com placas de S\u00e3o Mateus do Sul, n\u00e3o resistiu aos ferimentos e morreu no local do acidente.<\/p>\n\n\n\n<p style=\"font-size:21px\">A Pol\u00edcia Rodovi\u00e1ria Federal foi acionada para atender a ocorr\u00eancia e investigar as causas do sinistro. Moradores da regi\u00e3o relatam que o trecho onde ocorreu o acidente apresenta muitos buracos e irregularidades na pista, o que pode ter contribu\u00eddo para a colis\u00e3o.<\/p>\n\n\n\n<p style=\"font-size:21px\">O corpo da v\u00edtima foi encaminhado ao Instituto M\u00e9dico Legal (IML) de Uni\u00e3o da Vit\u00f3ria. Ap\u00f3s a libera\u00e7\u00e3o, ser\u00e1 transladado para vel\u00f3rio e sepultamento, cujos detalhes ainda ser\u00e3o definidos pela fam\u00edlia.<\/p>\n\n\n\n<p><\/p>\n\n\n\n<figure class=\"wp-block-image size-full\"><img loading=\"lazy\" decoding=\"async\" width=\"897\" height=\"204\" src=\"https:\/\/radiostudiow.com.br\/site\/wp-content\/uploads\/2025\/01\/SITE-GRANDE3.png\" alt=\"\" class=\"wp-image-32900\" srcset=\"https:\/\/radiostudiow.com.br\/site\/wp-content\/uploads\/2025\/01\/SITE-GRANDE3.png 897w, https:\/\/radiostudiow.com.br\/site\/wp-content\/uploads\/2025\/01\/SITE-GRANDE3-300x68.png 300w, https:\/\/radiostudiow.com.br\/site\/wp-content\/uploads\/2025\/01\/SITE-GRANDE3-768x175.png 768w\" sizes=\"auto, (max-width: 897px) 100vw, 897px\" \/><\/figure>\n\n\n\n<p><\/p>\n\n\n\n<figure class=\"wp-block-image size-full\"><img loading=\"lazy\" decoding=\"async\" width=\"1024\" height=\"466\" src=\"https:\/\/radiostudiow.com.br\/site\/wp-content\/uploads\/2025\/02\/image-77.png\" alt=\"\" class=\"wp-image-34291\" srcset=\"https:\/\/radiostudiow.com.br\/site\/wp-content\/uploads\/2025\/02\/image-77.png 1024w, https:\/\/radiostudiow.com.br\/site\/wp-content\/uploads\/2025\/02\/image-77-300x137.png 300w, https:\/\/radiostudiow.com.br\/site\/wp-content\/uploads\/2025\/02\/image-77-768x350.png 768w\" sizes=\"auto, (max-width: 1024px) 100vw, 1024px\" \/><\/figure>\n\n\n\n<figure class=\"wp-block-image size-full\"><img loading=\"lazy\" decoding=\"async\" width=\"625\" height=\"484\" src=\"https:\/\/radiostudiow.com.br\/site\/wp-content\/uploads\/2025\/02\/image-78.png\" alt=\"\" class=\"wp-image-34292\" srcset=\"https:\/\/radiostudiow.com.br\/site\/wp-content\/uploads\/2025\/02\/image-78.png 625w, https:\/\/radiostudiow.com.br\/site\/wp-content\/uploads\/2025\/02\/image-78-300x232.png 300w\" sizes=\"auto, (max-width: 625px) 100vw, 625px\" \/><\/figure>\n\n\n\n<p><em>Fonte\/fotos: Portal Clic Sul News<\/em><\/p>\n\n\n\n<p><\/p>\n\n\n\n<figure class=\"wp-block-image size-full\"><img decoding=\"async\" src=\"https:\/\/radiostudiow.com.br\/site\/wp-content\/uploads\/2024\/01\/SITE-GRANDE.png\" alt=\"\" class=\"wp-image-18949\"\/><\/figure>\n","protected":false},"excerpt":{"rendered":"<p>No in\u00edcio da tarde deste domingo (16), um grave acidente envolvendo uma carreta e um ve\u00edculo de passeio foi registrado no km 300 da Rodovia do Xisto (BR-476), na regi\u00e3o de Fluviopolis Equipes de resgate do Corpo de Bombeiros e do SAMU foram acionadas e prestaram atendimento ao motorista do caminh\u00e3o, que sofreu ferimentos e [&hellip;]<\/p>\n","protected":false},"author":2,"featured_media":34293,"comment_status":"open","ping_status":"open","sticky":false,"template":"","format":"standard","meta":{"footnotes":""},"categories":[7,185],"tags":[172],"class_list":["post-34289","post","type-post","status-publish","format-standard","has-post-thumbnail","hentry","category-geral","category-regional","tag-featured"],"amp_enabled":true,"_links":{"self":[{"href":"https:\/\/radiostudiow.com.br\/site\/wp-json\/wp\/v2\/posts\/34289","targetHints":{"allow":["GET"]}}],"collection":[{"href":"https:\/\/radiostudiow.com.br\/site\/wp-json\/wp\/v2\/posts"}],"about":[{"href":"https:\/\/radiostudiow.com.br\/site\/wp-json\/wp\/v2\/types\/post"}],"author":[{"embeddable":true,"href":"https:\/\/radiostudiow.com.br\/site\/wp-json\/wp\/v2\/users\/2"}],"replies":[{"embeddable":true,"href":"https:\/\/radiostudiow.com.br\/site\/wp-json\/wp\/v2\/comments?post=34289"}],"version-history":[{"count":2,"href":"https:\/\/radiostudiow.com.br\/site\/wp-json\/wp\/v2\/posts\/34289\/revisions"}],"predecessor-version":[{"id":34294,"href":"https:\/\/radiostudiow.com.br\/site\/wp-json\/wp\/v2\/posts\/34289\/revisions\/34294"}],"wp:featuredmedia":[{"embeddable":true,"href":"https:\/\/radiostudiow.com.br\/site\/wp-json\/wp\/v2\/media\/34293"}],"wp:attachment":[{"href":"https:\/\/radiostudiow.com.br\/site\/wp-json\/wp\/v2\/media?parent=34289"}],"wp:term":[{"taxonomy":"category","embeddable":true,"href":"https:\/\/radiostudiow.com.br\/site\/wp-json\/wp\/v2\/categories?post=34289"},{"taxonomy":"post_tag","embeddable":true,"href":"https:\/\/radiostudiow.com.br\/site\/wp-json\/wp\/v2\/tags?post=34289"}],"curies":[{"name":"wp","href":"https:\/\/api.w.org\/{rel}","templated":true}]}}