{"id":34296,"date":"2025-02-17T10:01:51","date_gmt":"2025-02-17T13:01:51","guid":{"rendered":"https:\/\/radiostudiow.com.br\/site\/?p=34296"},"modified":"2025-02-17T14:07:04","modified_gmt":"2025-02-17T17:07:04","slug":"identificado-motorista-que-morreu-em-acidente-grave-na-br-476","status":"publish","type":"post","link":"https:\/\/radiostudiow.com.br\/site\/2025\/02\/17\/identificado-motorista-que-morreu-em-acidente-grave-na-br-476\/","title":{"rendered":"IDENTIFICADO MOTORISTA QUE MORREU EM ACIDENTE GRAVE NA BR-476"},"content":{"rendered":"\n<p>Foi identificado como Luiz Cesar Franco, popularmente conhecido como Luizinho, o motorista que faleceu em um grave acidente no km 300 da BR-476.<\/p>\n\n\n\n<p>De acordo com informa\u00e7\u00f5es, Luizinho trabalhava como a\u00e7ougueiro em um mercado da regi\u00e3o.<\/p>\n\n\n\n<figure class=\"wp-block-image size-full\"><img loading=\"lazy\" decoding=\"async\" width=\"598\" height=\"204\" src=\"https:\/\/radiostudiow.com.br\/site\/wp-content\/uploads\/2025\/01\/SITE-MEDIO.png\" alt=\"\" class=\"wp-image-32810\" srcset=\"https:\/\/radiostudiow.com.br\/site\/wp-content\/uploads\/2025\/01\/SITE-MEDIO.png 598w, https:\/\/radiostudiow.com.br\/site\/wp-content\/uploads\/2025\/01\/SITE-MEDIO-300x102.png 300w\" sizes=\"auto, (max-width: 598px) 100vw, 598px\" \/><\/figure>\n\n\n\n<p>O acidente, que envolveu um carro modelo Vectra e um caminh\u00e3o, resultou na morte imediata do condutor do autom\u00f3vel. A colis\u00e3o, cujas causas ainda n\u00e3o foram esclarecidas pelas autoridades, bloqueou a pista da BR 476.<\/p>\n\n\n\n<p>Segundo a Funer\u00e1ria Bom Jesus, respons\u00e1vel pelos tr\u00e2mites f\u00fanebres, informou que aguarda a libera\u00e7\u00e3o do corpo pelo Instituto M\u00e9dico-Legal (IML) para a emiss\u00e3o da nota oficial de falecimento e organiza\u00e7\u00e3o do vel\u00f3rio.<\/p>\n\n\n\n<p>Assim que houver novas informa\u00e7\u00f5es sobre os procedimentos f\u00fanebres e detalhes adicionais do acidente, voc\u00ea ficar\u00e1 sabendo aqui pela Studio W.<\/p>\n\n\n\n<p>Aos familiares e amigos de Luiz Cesar Franco, nossas mais sinceras condol\u00eancias neste momento de perda e luto.<\/p>\n\n\n\n<p><\/p>\n\n\n\n<p>Fonte da informa\u00e7\u00e3o : SAMAS SUL &#8211; S\u00e3o Mateus do Sul<\/p>\n\n\n\n<p><\/p>\n\n\n\n<figure class=\"wp-block-image size-full\"><img loading=\"lazy\" decoding=\"async\" width=\"897\" height=\"204\" src=\"https:\/\/radiostudiow.com.br\/site\/wp-content\/uploads\/2025\/01\/SITE-GRANDE6.png\" alt=\"\" class=\"wp-image-32870\" srcset=\"https:\/\/radiostudiow.com.br\/site\/wp-content\/uploads\/2025\/01\/SITE-GRANDE6.png 897w, https:\/\/radiostudiow.com.br\/site\/wp-content\/uploads\/2025\/01\/SITE-GRANDE6-300x68.png 300w, https:\/\/radiostudiow.com.br\/site\/wp-content\/uploads\/2025\/01\/SITE-GRANDE6-768x175.png 768w\" sizes=\"auto, (max-width: 897px) 100vw, 897px\" \/><\/figure>\n","protected":false},"excerpt":{"rendered":"<p>Foi identificado como Luiz Cesar Franco, popularmente conhecido como Luizinho, o motorista que faleceu em um grave acidente no km 300 da BR-476. De acordo com informa\u00e7\u00f5es, Luizinho trabalhava como a\u00e7ougueiro em um mercado da regi\u00e3o. O acidente, que envolveu um carro modelo Vectra e um caminh\u00e3o, resultou na morte imediata do condutor do autom\u00f3vel. [&hellip;]<\/p>\n","protected":false},"author":2,"featured_media":34297,"comment_status":"open","ping_status":"open","sticky":false,"template":"","format":"standard","meta":{"footnotes":""},"categories":[185],"tags":[172],"class_list":["post-34296","post","type-post","status-publish","format-standard","has-post-thumbnail","hentry","category-regional","tag-featured"],"amp_enabled":true,"_links":{"self":[{"href":"https:\/\/radiostudiow.com.br\/site\/wp-json\/wp\/v2\/posts\/34296","targetHints":{"allow":["GET"]}}],"collection":[{"href":"https:\/\/radiostudiow.com.br\/site\/wp-json\/wp\/v2\/posts"}],"about":[{"href":"https:\/\/radiostudiow.com.br\/site\/wp-json\/wp\/v2\/types\/post"}],"author":[{"embeddable":true,"href":"https:\/\/radiostudiow.com.br\/site\/wp-json\/wp\/v2\/users\/2"}],"replies":[{"embeddable":true,"href":"https:\/\/radiostudiow.com.br\/site\/wp-json\/wp\/v2\/comments?post=34296"}],"version-history":[{"count":2,"href":"https:\/\/radiostudiow.com.br\/site\/wp-json\/wp\/v2\/posts\/34296\/revisions"}],"predecessor-version":[{"id":34304,"href":"https:\/\/radiostudiow.com.br\/site\/wp-json\/wp\/v2\/posts\/34296\/revisions\/34304"}],"wp:featuredmedia":[{"embeddable":true,"href":"https:\/\/radiostudiow.com.br\/site\/wp-json\/wp\/v2\/media\/34297"}],"wp:attachment":[{"href":"https:\/\/radiostudiow.com.br\/site\/wp-json\/wp\/v2\/media?parent=34296"}],"wp:term":[{"taxonomy":"category","embeddable":true,"href":"https:\/\/radiostudiow.com.br\/site\/wp-json\/wp\/v2\/categories?post=34296"},{"taxonomy":"post_tag","embeddable":true,"href":"https:\/\/radiostudiow.com.br\/site\/wp-json\/wp\/v2\/tags?post=34296"}],"curies":[{"name":"wp","href":"https:\/\/api.w.org\/{rel}","templated":true}]}}