{"id":34299,"date":"2025-02-17T10:17:26","date_gmt":"2025-02-17T13:17:26","guid":{"rendered":"https:\/\/radiostudiow.com.br\/site\/?p=34299"},"modified":"2025-02-17T18:39:32","modified_gmt":"2025-02-17T21:39:32","slug":"colisao-entre-dois-veiculos-deixa-varias-pessoas-feridas-na-br-153-em-general-carneiro","status":"publish","type":"post","link":"https:\/\/radiostudiow.com.br\/site\/2025\/02\/17\/colisao-entre-dois-veiculos-deixa-varias-pessoas-feridas-na-br-153-em-general-carneiro\/","title":{"rendered":"COLIS\u00c3O ENTRE DOIS VE\u00cdCULOS DEIXA V\u00c1RIAS PESSOAS FERIDAS NA BR-153, EM GENERAL CARNEIRO"},"content":{"rendered":"\n<h2 class=\"wp-block-heading has-text-align-left\"><\/h2>\n\n\n\n<p>Na noite deste domingo (16), uma colis\u00e3o grave envolvendo um Fiat Palio e um Ford Ecosport foi registrado no km 486 da BR-153, na regi\u00e3o da localidade de \u00a0Marco Cinco, no munic\u00edpio de General Carneiro.<\/p>\n\n\n\n<p><strong>O acidente deixou v\u00e1rias pessoas feridas, algumas em estado grave.<\/strong><\/p>\n\n\n\n<p>Segundo informa\u00e7\u00f5es, o Fiat Palio, com placas de Curitibanos (SC), e o Ford Ecosport, registrado em General Carneiro, colidiram violentamente.<\/p>\n\n\n\n<p>No Fiat Palio, dois homens e uma mulher sofreram ferimentos graves. No Ford Ecosport, dois homens e duas mulheres ficaram com ferimentos moderados.<\/p>\n\n\n\n<p>Equipes de emerg\u00eancia, incluindo o Servi\u00e7o de Atendimento M\u00f3vel de Urg\u00eancia (SAMU), o Corpo de Bombeiros Comunit\u00e1rio e o Pronto Atendimento de General Carneiro, atuaram rapidamente no local para prestar socorro e realizar os procedimentos necess\u00e1rios.<\/p>\n\n\n\n<figure class=\"wp-block-image size-full\"><img loading=\"lazy\" decoding=\"async\" width=\"897\" height=\"204\" src=\"https:\/\/radiostudiow.com.br\/site\/wp-content\/uploads\/2025\/01\/SITE-GRANDE2.png\" alt=\"\" class=\"wp-image-32805\" srcset=\"https:\/\/radiostudiow.com.br\/site\/wp-content\/uploads\/2025\/01\/SITE-GRANDE2.png 897w, https:\/\/radiostudiow.com.br\/site\/wp-content\/uploads\/2025\/01\/SITE-GRANDE2-300x68.png 300w, https:\/\/radiostudiow.com.br\/site\/wp-content\/uploads\/2025\/01\/SITE-GRANDE2-768x175.png 768w\" sizes=\"auto, (max-width: 897px) 100vw, 897px\" \/><\/figure>\n\n\n\n<p>Quatro ambul\u00e2ncias foram utilizadas para transferir as v\u00edtimas para o Hospital Regional\/S\u00e3o Camilo e a Associa\u00e7\u00e3o de Prote\u00e7\u00e3o \u00e0 Maternidade e Inf\u00e2ncia (APMI), onde todas receberam atendimento m\u00e9dico.<\/p>\n\n\n\n<p>As causas do acidente n\u00e3o foram divulgadas pelas autoridades.<\/p>\n\n\n\n<p>Fonte e foto: Portal VVALE<\/p>\n\n\n\n<p><strong><em>PRIMEIRA V\u00cdTIMA DO ACIDENTE MORRE NESTA MANH\u00c3 DE SEGUNDA-FEIRA EM UNI\u00c3O DA VIT\u00d3RIA.<\/em><\/strong><\/p>\n\n\n\n<p>Saiba mais clicando abaixo<\/p>\n\n\n\n<figure class=\"wp-block-embed is-type-wp-embed is-provider-studio-w wp-block-embed-studio-w\"><div class=\"wp-block-embed__wrapper\">\n<blockquote class=\"wp-embedded-content\" data-secret=\"MMbgwd1QK0\"><a href=\"https:\/\/radiostudiow.com.br\/site\/2025\/02\/17\/vitima-de-acidente-na-br-153-morre-em-hospital-de-uniao-da-vitoria\/\">V\u00edtima de acidente na BR-153 morre em hospital de Uni\u00e3o da Vit\u00f3ria<\/a><\/blockquote><iframe loading=\"lazy\" class=\"wp-embedded-content\" sandbox=\"allow-scripts\" security=\"restricted\" style=\"position: absolute; visibility: hidden;\" title=\"&#8220;V\u00edtima de acidente na BR-153 morre em hospital de Uni\u00e3o da Vit\u00f3ria&#8221; &#8212; Studio W\" src=\"https:\/\/radiostudiow.com.br\/site\/2025\/02\/17\/vitima-de-acidente-na-br-153-morre-em-hospital-de-uniao-da-vitoria\/embed\/#?secret=rqFR4dDxTO#?secret=MMbgwd1QK0\" data-secret=\"MMbgwd1QK0\" width=\"600\" height=\"338\" frameborder=\"0\" marginwidth=\"0\" marginheight=\"0\" scrolling=\"no\"><\/iframe>\n<\/div><\/figure>\n","protected":false},"excerpt":{"rendered":"<p>Na noite deste domingo (16), uma colis\u00e3o grave envolvendo um Fiat Palio e um Ford Ecosport foi registrado no km 486 da BR-153, na regi\u00e3o da localidade de \u00a0Marco Cinco, no munic\u00edpio de General Carneiro. O acidente deixou v\u00e1rias pessoas feridas, algumas em estado grave. Segundo informa\u00e7\u00f5es, o Fiat Palio, com placas de Curitibanos (SC), [&hellip;]<\/p>\n","protected":false},"author":2,"featured_media":34301,"comment_status":"open","ping_status":"open","sticky":false,"template":"","format":"standard","meta":{"footnotes":""},"categories":[185],"tags":[172],"class_list":["post-34299","post","type-post","status-publish","format-standard","has-post-thumbnail","hentry","category-regional","tag-featured"],"amp_enabled":true,"_links":{"self":[{"href":"https:\/\/radiostudiow.com.br\/site\/wp-json\/wp\/v2\/posts\/34299","targetHints":{"allow":["GET"]}}],"collection":[{"href":"https:\/\/radiostudiow.com.br\/site\/wp-json\/wp\/v2\/posts"}],"about":[{"href":"https:\/\/radiostudiow.com.br\/site\/wp-json\/wp\/v2\/types\/post"}],"author":[{"embeddable":true,"href":"https:\/\/radiostudiow.com.br\/site\/wp-json\/wp\/v2\/users\/2"}],"replies":[{"embeddable":true,"href":"https:\/\/radiostudiow.com.br\/site\/wp-json\/wp\/v2\/comments?post=34299"}],"version-history":[{"count":4,"href":"https:\/\/radiostudiow.com.br\/site\/wp-json\/wp\/v2\/posts\/34299\/revisions"}],"predecessor-version":[{"id":34327,"href":"https:\/\/radiostudiow.com.br\/site\/wp-json\/wp\/v2\/posts\/34299\/revisions\/34327"}],"wp:featuredmedia":[{"embeddable":true,"href":"https:\/\/radiostudiow.com.br\/site\/wp-json\/wp\/v2\/media\/34301"}],"wp:attachment":[{"href":"https:\/\/radiostudiow.com.br\/site\/wp-json\/wp\/v2\/media?parent=34299"}],"wp:term":[{"taxonomy":"category","embeddable":true,"href":"https:\/\/radiostudiow.com.br\/site\/wp-json\/wp\/v2\/categories?post=34299"},{"taxonomy":"post_tag","embeddable":true,"href":"https:\/\/radiostudiow.com.br\/site\/wp-json\/wp\/v2\/tags?post=34299"}],"curies":[{"name":"wp","href":"https:\/\/api.w.org\/{rel}","templated":true}]}}