{"id":34305,"date":"2025-02-17T14:29:21","date_gmt":"2025-02-17T17:29:21","guid":{"rendered":"https:\/\/radiostudiow.com.br\/site\/?p=34305"},"modified":"2025-02-17T18:39:03","modified_gmt":"2025-02-17T21:39:03","slug":"vitima-de-acidente-na-br-153-morre-em-hospital-de-uniao-da-vitoria","status":"publish","type":"post","link":"https:\/\/radiostudiow.com.br\/site\/2025\/02\/17\/vitima-de-acidente-na-br-153-morre-em-hospital-de-uniao-da-vitoria\/","title":{"rendered":"V\u00edtima de acidente na BR-153 morre em hospital de Uni\u00e3o da Vit\u00f3ria"},"content":{"rendered":"\n<figure class=\"wp-block-image size-full\"><img loading=\"lazy\" decoding=\"async\" width=\"897\" height=\"204\" src=\"https:\/\/radiostudiow.com.br\/site\/wp-content\/uploads\/2025\/01\/SITE-GRANDE5.png\" alt=\"\" class=\"wp-image-32814\" srcset=\"https:\/\/radiostudiow.com.br\/site\/wp-content\/uploads\/2025\/01\/SITE-GRANDE5.png 897w, https:\/\/radiostudiow.com.br\/site\/wp-content\/uploads\/2025\/01\/SITE-GRANDE5-300x68.png 300w, https:\/\/radiostudiow.com.br\/site\/wp-content\/uploads\/2025\/01\/SITE-GRANDE5-768x175.png 768w\" sizes=\"auto, (max-width: 897px) 100vw, 897px\" \/><\/figure>\n\n\n\n<p>Uma das v\u00edtimas do grave acidente ocorrido na noite deste domingo (16), no km 486 da BR-153, em General Carneiro, faleceu nesta segunda-feira (17) no hospital de Uni\u00e3o da Vit\u00f3ria.<\/p>\n\n\n\n<p>Mariliane Aparecida de Oliveira, de 44 anos, era a motorista da Ford Ecosport com placas de General Carneiro envolvida na colis\u00e3o.<\/p>\n\n\n\n<p>Ela foi socorrida no local do acidente e transferida pelo Servi\u00e7o de Atendimento M\u00f3vel de Urg\u00eancia (SAMU) para um hospital de Uni\u00e3o da Vit\u00f3ria, mas, infelizmente, n\u00e3o resistiu aos ferimentos.<\/p>\n\n\n\n<p>De acordo com relatos, no outro ve\u00edculo, um Fiat Palio de S\u00e3o Mateus do Sul, estavam seis jovens que foram socorridos com ferimentos de diferentes gravidades.<\/p>\n\n\n\n<p>Segundo informa\u00e7\u00f5es preliminares, latas de cerveja teriam sido encontradas dentro do autom\u00f3vel.<\/p>\n\n\n\n<p>As causas do acidente seguem sob investiga\u00e7\u00e3o e novas informa\u00e7\u00f5es ser\u00e3o divulgadas conforme o andamento das apura\u00e7\u00f5es.<\/p>\n\n\n\n<p>Fonte: Canal 4<\/p>\n\n\n\n<p>Foto: Redes Sociais<\/p>\n\n\n\n<p><\/p>\n","protected":false},"excerpt":{"rendered":"<p>Uma das v\u00edtimas do grave acidente ocorrido na noite deste domingo (16), no km 486 da BR-153, em General Carneiro, faleceu nesta segunda-feira (17) no hospital de Uni\u00e3o da Vit\u00f3ria. Mariliane Aparecida de Oliveira, de 44 anos, era a motorista da Ford Ecosport com placas de General Carneiro envolvida na colis\u00e3o. Ela foi socorrida no [&hellip;]<\/p>\n","protected":false},"author":2,"featured_media":34306,"comment_status":"open","ping_status":"open","sticky":false,"template":"","format":"standard","meta":{"footnotes":""},"categories":[185],"tags":[172],"class_list":["post-34305","post","type-post","status-publish","format-standard","has-post-thumbnail","hentry","category-regional","tag-featured"],"amp_enabled":true,"_links":{"self":[{"href":"https:\/\/radiostudiow.com.br\/site\/wp-json\/wp\/v2\/posts\/34305","targetHints":{"allow":["GET"]}}],"collection":[{"href":"https:\/\/radiostudiow.com.br\/site\/wp-json\/wp\/v2\/posts"}],"about":[{"href":"https:\/\/radiostudiow.com.br\/site\/wp-json\/wp\/v2\/types\/post"}],"author":[{"embeddable":true,"href":"https:\/\/radiostudiow.com.br\/site\/wp-json\/wp\/v2\/users\/2"}],"replies":[{"embeddable":true,"href":"https:\/\/radiostudiow.com.br\/site\/wp-json\/wp\/v2\/comments?post=34305"}],"version-history":[{"count":1,"href":"https:\/\/radiostudiow.com.br\/site\/wp-json\/wp\/v2\/posts\/34305\/revisions"}],"predecessor-version":[{"id":34307,"href":"https:\/\/radiostudiow.com.br\/site\/wp-json\/wp\/v2\/posts\/34305\/revisions\/34307"}],"wp:featuredmedia":[{"embeddable":true,"href":"https:\/\/radiostudiow.com.br\/site\/wp-json\/wp\/v2\/media\/34306"}],"wp:attachment":[{"href":"https:\/\/radiostudiow.com.br\/site\/wp-json\/wp\/v2\/media?parent=34305"}],"wp:term":[{"taxonomy":"category","embeddable":true,"href":"https:\/\/radiostudiow.com.br\/site\/wp-json\/wp\/v2\/categories?post=34305"},{"taxonomy":"post_tag","embeddable":true,"href":"https:\/\/radiostudiow.com.br\/site\/wp-json\/wp\/v2\/tags?post=34305"}],"curies":[{"name":"wp","href":"https:\/\/api.w.org\/{rel}","templated":true}]}}