{"id":3431,"date":"2021-08-28T12:50:19","date_gmt":"2021-08-28T15:50:19","guid":{"rendered":"https:\/\/radiostudiow.com.br\/site\/?p=3431"},"modified":"2025-01-31T15:12:30","modified_gmt":"2025-01-31T18:12:30","slug":"homem-e-apreendido-por-cnh-vencida-em-mallet","status":"publish","type":"post","link":"https:\/\/radiostudiow.com.br\/site\/2021\/08\/28\/homem-e-apreendido-por-cnh-vencida-em-mallet\/","title":{"rendered":"Homem \u00e9 apreendido por CNH vencida em Mallet"},"content":{"rendered":"\n<p>Equipe da Pol\u00edcia Militar de Mallet apreende condutor durante o bloqueio policial na Avenida &nbsp;Jo\u00e3o Pessoa, \u00e1rea central da cidade por volta das 17:20 horas dessa sexta \u2013 feira (27).<\/p>\n\n\n\n<p>De acordo com o relat\u00f3rio policial, um Gol de cor branca foi abordado e em verifica\u00e7\u00e3o documental do condutor a equipe constatou que a CNH (Carteira Nacional de Habilita\u00e7\u00e3o) estava vencida desde o dia 09 de janeiro de 2014.<\/p>\n\n\n\n<p>O autor foi encaminhado para o Pelot\u00e3o da Pol\u00edcia Militar de Mallet, onde seu carro foi liberado para condutor habilitado, foram lavrados os autos pertinentes.<\/p>\n\n\n\n<figure class=\"wp-block-image size-large\"><img decoding=\"async\" src=\"https:\/\/radiostudiow.com.br\/site\/wp-content\/uploads\/2021\/08\/240163342_2993738827567275_7839736197065436930_n-713x1024.jpg\" alt=\"\" class=\"wp-image-3432\"\/><\/figure>\n","protected":false},"excerpt":{"rendered":"<p>Equipe da Pol\u00edcia Militar de Mallet apreende condutor durante o bloqueio policial na Avenida &nbsp;Jo\u00e3o Pessoa, \u00e1rea central da cidade por volta das 17:20 horas dessa sexta \u2013 feira (27). De acordo com o relat\u00f3rio policial, um Gol de cor branca foi abordado e em verifica\u00e7\u00e3o documental do condutor a equipe constatou que a CNH [&hellip;]<\/p>\n","protected":false},"author":2,"featured_media":0,"comment_status":"open","ping_status":"open","sticky":false,"template":"","format":"standard","meta":{"footnotes":""},"categories":[2],"tags":[172],"class_list":["post-3431","post","type-post","status-publish","format-standard","hentry","category-policial","tag-featured"],"amp_enabled":true,"_links":{"self":[{"href":"https:\/\/radiostudiow.com.br\/site\/wp-json\/wp\/v2\/posts\/3431","targetHints":{"allow":["GET"]}}],"collection":[{"href":"https:\/\/radiostudiow.com.br\/site\/wp-json\/wp\/v2\/posts"}],"about":[{"href":"https:\/\/radiostudiow.com.br\/site\/wp-json\/wp\/v2\/types\/post"}],"author":[{"embeddable":true,"href":"https:\/\/radiostudiow.com.br\/site\/wp-json\/wp\/v2\/users\/2"}],"replies":[{"embeddable":true,"href":"https:\/\/radiostudiow.com.br\/site\/wp-json\/wp\/v2\/comments?post=3431"}],"version-history":[{"count":1,"href":"https:\/\/radiostudiow.com.br\/site\/wp-json\/wp\/v2\/posts\/3431\/revisions"}],"predecessor-version":[{"id":3433,"href":"https:\/\/radiostudiow.com.br\/site\/wp-json\/wp\/v2\/posts\/3431\/revisions\/3433"}],"wp:attachment":[{"href":"https:\/\/radiostudiow.com.br\/site\/wp-json\/wp\/v2\/media?parent=3431"}],"wp:term":[{"taxonomy":"category","embeddable":true,"href":"https:\/\/radiostudiow.com.br\/site\/wp-json\/wp\/v2\/categories?post=3431"},{"taxonomy":"post_tag","embeddable":true,"href":"https:\/\/radiostudiow.com.br\/site\/wp-json\/wp\/v2\/tags?post=3431"}],"curies":[{"name":"wp","href":"https:\/\/api.w.org\/{rel}","templated":true}]}}