{"id":34313,"date":"2025-02-17T14:59:09","date_gmt":"2025-02-17T17:59:09","guid":{"rendered":"https:\/\/radiostudiow.com.br\/site\/?p=34313"},"modified":"2025-02-17T18:42:58","modified_gmt":"2025-02-17T21:42:58","slug":"homem-e-preso-por-agredir-padrasto-idoso-com-facao-em-uniao-da-vitoria","status":"publish","type":"post","link":"https:\/\/radiostudiow.com.br\/site\/2025\/02\/17\/homem-e-preso-por-agredir-padrasto-idoso-com-facao-em-uniao-da-vitoria\/","title":{"rendered":"Homem \u00e9 preso por agredir padrasto idoso com fac\u00e3o em Uni\u00e3o da Vit\u00f3ria"},"content":{"rendered":"\n<p>Na noite desse domingo (16), uma equipe da Pol\u00edcia Militar de Uni\u00e3o da Vit\u00f3ria foi acionada para atender a uma ocorr\u00eancia de rixa no bairro S\u00e3o Braz.<\/p>\n\n\n\n<p> No local, os policiais encontraram um idoso com ferimentos no rosto e nos bra\u00e7os, que relatou ter sido agredido pelo enteado utilizando um fac\u00e3o.<\/p>\n\n\n\n<p>O suspeito foi localizado em uma via paralela, visivelmente embriagado. Ao ser abordado, ele confirmou que houve uma briga entre ele e o padrasto. Como a v\u00edtima expressou interesse em representar criminalmente contra o suspeito, que se encontra em condi\u00e7\u00e3o de idoso, os policiais deram voz de pris\u00e3o ao acusado.<\/p>\n\n\n\n<figure class=\"wp-block-image size-full\"><img loading=\"lazy\" decoding=\"async\" width=\"897\" height=\"204\" src=\"https:\/\/radiostudiow.com.br\/site\/wp-content\/uploads\/2025\/01\/SITE-GRANDE.png\" alt=\"\" class=\"wp-image-32809\" srcset=\"https:\/\/radiostudiow.com.br\/site\/wp-content\/uploads\/2025\/01\/SITE-GRANDE.png 897w, https:\/\/radiostudiow.com.br\/site\/wp-content\/uploads\/2025\/01\/SITE-GRANDE-300x68.png 300w, https:\/\/radiostudiow.com.br\/site\/wp-content\/uploads\/2025\/01\/SITE-GRANDE-768x175.png 768w\" sizes=\"auto, (max-width: 897px) 100vw, 897px\" \/><\/figure>\n\n\n\n<p>Durante a pris\u00e3o, o homem reagiu violentamente, tentando agredir os policiais. Foi necess\u00e1rio o uso de spray de pimenta e t\u00e9cnicas de imobiliza\u00e7\u00e3o para cont\u00ea-lo. Mesmo dentro da viatura, o suspeito continuou a proferir ofensas tanto \u00e0 equipe policial quanto ao padrasto.<\/p>\n\n\n\n<p>Ambos foram encaminhados para atendimento m\u00e9dico em uma unidade de sa\u00fade antes de serem levados \u00e0 delegacia para os procedimentos legais. <\/p>\n\n\n\n<p>A pol\u00edcia tamb\u00e9m informou que o suspeito usava tornozeleira eletr\u00f4nica e j\u00e1 possui hist\u00f3rico de outras ocorr\u00eancias relacionadas a agress\u00f5es contra o padrasto.<\/p>\n\n\n\n<p><\/p>\n","protected":false},"excerpt":{"rendered":"<p>Na noite desse domingo (16), uma equipe da Pol\u00edcia Militar de Uni\u00e3o da Vit\u00f3ria foi acionada para atender a uma ocorr\u00eancia de rixa no bairro S\u00e3o Braz. No local, os policiais encontraram um idoso com ferimentos no rosto e nos bra\u00e7os, que relatou ter sido agredido pelo enteado utilizando um fac\u00e3o. O suspeito foi localizado [&hellip;]<\/p>\n","protected":false},"author":2,"featured_media":33920,"comment_status":"open","ping_status":"open","sticky":false,"template":"","format":"standard","meta":{"footnotes":""},"categories":[2],"tags":[172],"class_list":["post-34313","post","type-post","status-publish","format-standard","has-post-thumbnail","hentry","category-policial","tag-featured"],"amp_enabled":true,"_links":{"self":[{"href":"https:\/\/radiostudiow.com.br\/site\/wp-json\/wp\/v2\/posts\/34313","targetHints":{"allow":["GET"]}}],"collection":[{"href":"https:\/\/radiostudiow.com.br\/site\/wp-json\/wp\/v2\/posts"}],"about":[{"href":"https:\/\/radiostudiow.com.br\/site\/wp-json\/wp\/v2\/types\/post"}],"author":[{"embeddable":true,"href":"https:\/\/radiostudiow.com.br\/site\/wp-json\/wp\/v2\/users\/2"}],"replies":[{"embeddable":true,"href":"https:\/\/radiostudiow.com.br\/site\/wp-json\/wp\/v2\/comments?post=34313"}],"version-history":[{"count":3,"href":"https:\/\/radiostudiow.com.br\/site\/wp-json\/wp\/v2\/posts\/34313\/revisions"}],"predecessor-version":[{"id":34329,"href":"https:\/\/radiostudiow.com.br\/site\/wp-json\/wp\/v2\/posts\/34313\/revisions\/34329"}],"wp:featuredmedia":[{"embeddable":true,"href":"https:\/\/radiostudiow.com.br\/site\/wp-json\/wp\/v2\/media\/33920"}],"wp:attachment":[{"href":"https:\/\/radiostudiow.com.br\/site\/wp-json\/wp\/v2\/media?parent=34313"}],"wp:term":[{"taxonomy":"category","embeddable":true,"href":"https:\/\/radiostudiow.com.br\/site\/wp-json\/wp\/v2\/categories?post=34313"},{"taxonomy":"post_tag","embeddable":true,"href":"https:\/\/radiostudiow.com.br\/site\/wp-json\/wp\/v2\/tags?post=34313"}],"curies":[{"name":"wp","href":"https:\/\/api.w.org\/{rel}","templated":true}]}}