{"id":34345,"date":"2025-02-18T10:12:41","date_gmt":"2025-02-18T13:12:41","guid":{"rendered":"https:\/\/radiostudiow.com.br\/site\/?p=34345"},"modified":"2025-02-18T10:12:41","modified_gmt":"2025-02-18T13:12:41","slug":"incendio-destroi-casa-e-pertences-de-morador-de-rio-azul","status":"publish","type":"post","link":"https:\/\/radiostudiow.com.br\/site\/2025\/02\/18\/incendio-destroi-casa-e-pertences-de-morador-de-rio-azul\/","title":{"rendered":"Inc\u00eandio destr\u00f3i casa e pertences de morador de Rio Azul"},"content":{"rendered":"\n<p>A equipe da Pol\u00edcia Militar de Rio Azul foi acionada por volta da meia noite da madrugada desse domingo, 16 de fevereiro, para averiguar uma situa\u00e7\u00e3o de inc\u00eandio em um im\u00f3vel na \u00e1rea central.<\/p>\n\n\n\n<figure class=\"wp-block-image size-full\"><img loading=\"lazy\" decoding=\"async\" width=\"897\" height=\"204\" src=\"https:\/\/radiostudiow.com.br\/site\/wp-content\/uploads\/2025\/01\/SITE-GRANDE2.png\" alt=\"\" class=\"wp-image-32805\" srcset=\"https:\/\/radiostudiow.com.br\/site\/wp-content\/uploads\/2025\/01\/SITE-GRANDE2.png 897w, https:\/\/radiostudiow.com.br\/site\/wp-content\/uploads\/2025\/01\/SITE-GRANDE2-300x68.png 300w, https:\/\/radiostudiow.com.br\/site\/wp-content\/uploads\/2025\/01\/SITE-GRANDE2-768x175.png 768w\" sizes=\"auto, (max-width: 897px) 100vw, 897px\" \/><\/figure>\n\n\n\n<p>O propriet\u00e1rio deu entrada no Hospital do munic\u00edpio e relatou que sua casa tinha pegado fogo. Os policiais entraram em contato com ele, o qual relatou que h\u00e1 aproximadamente 2 ou 3 horas atr\u00e1s sua casa tinha pegado fogo, e que foi incendiado seus m\u00f3veis, documentos e dinheiro.<\/p>\n\n\n\n<p>A equipe policial lavrou boletim de ocorr\u00eancia e orientou para que, se tiver interesse, dar prosseguimento na Delegacia de Pol\u00edcia Civil, para posterior investiga\u00e7\u00e3o do fato ocorrido.<\/p>\n","protected":false},"excerpt":{"rendered":"<p>A equipe da Pol\u00edcia Militar de Rio Azul foi acionada por volta da meia noite da madrugada desse domingo, 16 de fevereiro, para averiguar uma situa\u00e7\u00e3o de inc\u00eandio em um im\u00f3vel na \u00e1rea central. O propriet\u00e1rio deu entrada no Hospital do munic\u00edpio e relatou que sua casa tinha pegado fogo. Os policiais entraram em contato [&hellip;]<\/p>\n","protected":false},"author":2,"featured_media":34349,"comment_status":"open","ping_status":"open","sticky":false,"template":"","format":"standard","meta":{"footnotes":""},"categories":[185],"tags":[172],"class_list":["post-34345","post","type-post","status-publish","format-standard","has-post-thumbnail","hentry","category-regional","tag-featured"],"amp_enabled":true,"_links":{"self":[{"href":"https:\/\/radiostudiow.com.br\/site\/wp-json\/wp\/v2\/posts\/34345","targetHints":{"allow":["GET"]}}],"collection":[{"href":"https:\/\/radiostudiow.com.br\/site\/wp-json\/wp\/v2\/posts"}],"about":[{"href":"https:\/\/radiostudiow.com.br\/site\/wp-json\/wp\/v2\/types\/post"}],"author":[{"embeddable":true,"href":"https:\/\/radiostudiow.com.br\/site\/wp-json\/wp\/v2\/users\/2"}],"replies":[{"embeddable":true,"href":"https:\/\/radiostudiow.com.br\/site\/wp-json\/wp\/v2\/comments?post=34345"}],"version-history":[{"count":4,"href":"https:\/\/radiostudiow.com.br\/site\/wp-json\/wp\/v2\/posts\/34345\/revisions"}],"predecessor-version":[{"id":34350,"href":"https:\/\/radiostudiow.com.br\/site\/wp-json\/wp\/v2\/posts\/34345\/revisions\/34350"}],"wp:featuredmedia":[{"embeddable":true,"href":"https:\/\/radiostudiow.com.br\/site\/wp-json\/wp\/v2\/media\/34349"}],"wp:attachment":[{"href":"https:\/\/radiostudiow.com.br\/site\/wp-json\/wp\/v2\/media?parent=34345"}],"wp:term":[{"taxonomy":"category","embeddable":true,"href":"https:\/\/radiostudiow.com.br\/site\/wp-json\/wp\/v2\/categories?post=34345"},{"taxonomy":"post_tag","embeddable":true,"href":"https:\/\/radiostudiow.com.br\/site\/wp-json\/wp\/v2\/tags?post=34345"}],"curies":[{"name":"wp","href":"https:\/\/api.w.org\/{rel}","templated":true}]}}