{"id":34351,"date":"2025-02-18T11:43:00","date_gmt":"2025-02-18T14:43:00","guid":{"rendered":"https:\/\/radiostudiow.com.br\/site\/?p=34351"},"modified":"2025-02-18T17:28:29","modified_gmt":"2025-02-18T20:28:29","slug":"chuva-forte-causa-quedas-de-arvores-e-interrompe-fornecimento-de-agua-e-energia-em-mallet","status":"publish","type":"post","link":"https:\/\/radiostudiow.com.br\/site\/2025\/02\/18\/chuva-forte-causa-quedas-de-arvores-e-interrompe-fornecimento-de-agua-e-energia-em-mallet\/","title":{"rendered":"CHUVA FORTE CAUSA QUEDAS DE \u00c1RVORES E INTERROMPE FORNECIMENTO DE \u00c1GUA E ENERGIA EM MALLET"},"content":{"rendered":"\n<p>No fim da tarde desta segunda-feira (17), uma forte chuva acompanhada de rajadas de vento causou diversos transtornos em Mallet, por volta das 18h15.<br>Os bairros mais afetados foram o Eldorado e Vila Lopacinski, onde \u00e1rvores foram arrancadas e ca\u00edram sobre ruas, a Rodovia Federal BR-153 e a fia\u00e7\u00e3o el\u00e9trica.<\/p>\n\n\n\n<figure class=\"wp-block-image size-full\"><img loading=\"lazy\" decoding=\"async\" width=\"897\" height=\"204\" src=\"https:\/\/radiostudiow.com.br\/site\/wp-content\/uploads\/2025\/01\/SITE-GRANDE.png\" alt=\"\" class=\"wp-image-32809\" srcset=\"https:\/\/radiostudiow.com.br\/site\/wp-content\/uploads\/2025\/01\/SITE-GRANDE.png 897w, https:\/\/radiostudiow.com.br\/site\/wp-content\/uploads\/2025\/01\/SITE-GRANDE-300x68.png 300w, https:\/\/radiostudiow.com.br\/site\/wp-content\/uploads\/2025\/01\/SITE-GRANDE-768x175.png 768w\" sizes=\"auto, (max-width: 897px) 100vw, 897px\" \/><\/figure>\n\n\n\n<p><br><strong>De acordo com o relat\u00f3rio dos Brigadistas Comunit\u00e1rios de Mallet, foram registradas tr\u00eas quedas de \u00e1rvores:<br><\/strong>\u2022 Uma \u00e1rvore caiu sobre a BR-153, sendo removida por populares, enquanto os brigadistas realizaram a limpeza da pista.<br>\u2022 Outra \u00e1rvore caiu na Rua Estanislau Gluszczinski, nos fundos do Col\u00e9gio Estadual C\u00edvico-Militar Nicolau Cop\u00e9rnico.<br>\u2022 Uma terceira \u00e1rvore tombou pr\u00f3xima \u00e0 \u00c1gua Mineral na Vila Lopacinski, atingindo a rede el\u00e9trica. O caso foi repassado \u00e0 Companhia Paranaense de Energia (Copel).<br>Os trabalhos de remo\u00e7\u00e3o e limpeza se estenderam at\u00e9 tarde da noite, com motosserras sendo usadas para o corte de galhos na regi\u00e3o da marginal do Rio Charqueada.<\/p>\n\n\n\n<figure class=\"wp-block-image size-full\"><img loading=\"lazy\" decoding=\"async\" width=\"598\" height=\"204\" src=\"https:\/\/radiostudiow.com.br\/site\/wp-content\/uploads\/2025\/01\/SITE-MEDIO3.png\" alt=\"\" class=\"wp-image-32815\" srcset=\"https:\/\/radiostudiow.com.br\/site\/wp-content\/uploads\/2025\/01\/SITE-MEDIO3.png 598w, https:\/\/radiostudiow.com.br\/site\/wp-content\/uploads\/2025\/01\/SITE-MEDIO3-300x102.png 300w\" sizes=\"auto, (max-width: 598px) 100vw, 598px\" \/><\/figure>\n\n\n\n<p><br>A Sanepar (Companhia de Saneamento do Paran\u00e1) precisou interromper o fornecimento de \u00e1gua na cidade devido aos danos causados pela queda de \u00e1rvores sobre a rede el\u00e9trica, o que deixou a esta\u00e7\u00e3o de tratamento sem energia. Em nota divulgada nas redes sociais, o respons\u00e1vel pela Sanepar explicou a situa\u00e7\u00e3o: <em>\u201cSem energia el\u00e9trica na Sanepar, queda de \u00e1rvore em cima da rede el\u00e9trica durante a chuva da tarde, aguardando reparo da Copel. Esta\u00e7\u00e3o de tratamento parada\u201d.<\/em><\/p>\n\n\n\n<p>Apesar da intensidade dos ventos e da chuva, a Defesa Civil informou que n\u00e3o houve registro de casas danificadas ou pessoas feridas.<\/p>\n\n\n\n<h2 class=\"wp-block-heading\">Confira o v\u00eddeo abaixo compartilhado pelo internauta <strong>Carlos Stemposki<\/strong> no bairro Eldorado em Mallet:<\/h2>\n\n\n\n<figure class=\"wp-block-video\"><video height=\"720\" style=\"aspect-ratio: 1280 \/ 720;\" width=\"1280\" controls src=\"https:\/\/radiostudiow.com.br\/site\/wp-content\/uploads\/2025\/02\/480872241_9608308262534172_1555302071467394639_n.mp4\"><\/video><\/figure>\n\n\n\n<figure class=\"wp-block-image size-large\"><img loading=\"lazy\" decoding=\"async\" width=\"768\" height=\"1024\" src=\"https:\/\/radiostudiow.com.br\/site\/wp-content\/uploads\/2025\/02\/image-81-768x1024.png\" alt=\"\" class=\"wp-image-34353\" srcset=\"https:\/\/radiostudiow.com.br\/site\/wp-content\/uploads\/2025\/02\/image-81-768x1024.png 768w, https:\/\/radiostudiow.com.br\/site\/wp-content\/uploads\/2025\/02\/image-81-225x300.png 225w, https:\/\/radiostudiow.com.br\/site\/wp-content\/uploads\/2025\/02\/image-81-1152x1536.png 1152w, https:\/\/radiostudiow.com.br\/site\/wp-content\/uploads\/2025\/02\/image-81.png 1200w\" sizes=\"auto, (max-width: 768px) 100vw, 768px\" \/><\/figure>\n\n\n\n<figure class=\"wp-block-image size-large\"><img loading=\"lazy\" decoding=\"async\" width=\"768\" height=\"1024\" src=\"https:\/\/radiostudiow.com.br\/site\/wp-content\/uploads\/2025\/02\/image-82-768x1024.png\" alt=\"\" class=\"wp-image-34354\" srcset=\"https:\/\/radiostudiow.com.br\/site\/wp-content\/uploads\/2025\/02\/image-82-768x1024.png 768w, https:\/\/radiostudiow.com.br\/site\/wp-content\/uploads\/2025\/02\/image-82-225x300.png 225w, https:\/\/radiostudiow.com.br\/site\/wp-content\/uploads\/2025\/02\/image-82-1152x1536.png 1152w, https:\/\/radiostudiow.com.br\/site\/wp-content\/uploads\/2025\/02\/image-82.png 1200w\" sizes=\"auto, (max-width: 768px) 100vw, 768px\" \/><\/figure>\n","protected":false},"excerpt":{"rendered":"<p>No fim da tarde desta segunda-feira (17), uma forte chuva acompanhada de rajadas de vento causou diversos transtornos em Mallet, por volta das 18h15.Os bairros mais afetados foram o Eldorado e Vila Lopacinski, onde \u00e1rvores foram arrancadas e ca\u00edram sobre ruas, a Rodovia Federal BR-153 e a fia\u00e7\u00e3o el\u00e9trica. De acordo com o relat\u00f3rio dos [&hellip;]<\/p>\n","protected":false},"author":2,"featured_media":34352,"comment_status":"open","ping_status":"open","sticky":false,"template":"","format":"standard","meta":{"footnotes":""},"categories":[184],"tags":[172],"class_list":["post-34351","post","type-post","status-publish","format-standard","has-post-thumbnail","hentry","category-local","tag-featured"],"amp_enabled":true,"_links":{"self":[{"href":"https:\/\/radiostudiow.com.br\/site\/wp-json\/wp\/v2\/posts\/34351","targetHints":{"allow":["GET"]}}],"collection":[{"href":"https:\/\/radiostudiow.com.br\/site\/wp-json\/wp\/v2\/posts"}],"about":[{"href":"https:\/\/radiostudiow.com.br\/site\/wp-json\/wp\/v2\/types\/post"}],"author":[{"embeddable":true,"href":"https:\/\/radiostudiow.com.br\/site\/wp-json\/wp\/v2\/users\/2"}],"replies":[{"embeddable":true,"href":"https:\/\/radiostudiow.com.br\/site\/wp-json\/wp\/v2\/comments?post=34351"}],"version-history":[{"count":2,"href":"https:\/\/radiostudiow.com.br\/site\/wp-json\/wp\/v2\/posts\/34351\/revisions"}],"predecessor-version":[{"id":34388,"href":"https:\/\/radiostudiow.com.br\/site\/wp-json\/wp\/v2\/posts\/34351\/revisions\/34388"}],"wp:featuredmedia":[{"embeddable":true,"href":"https:\/\/radiostudiow.com.br\/site\/wp-json\/wp\/v2\/media\/34352"}],"wp:attachment":[{"href":"https:\/\/radiostudiow.com.br\/site\/wp-json\/wp\/v2\/media?parent=34351"}],"wp:term":[{"taxonomy":"category","embeddable":true,"href":"https:\/\/radiostudiow.com.br\/site\/wp-json\/wp\/v2\/categories?post=34351"},{"taxonomy":"post_tag","embeddable":true,"href":"https:\/\/radiostudiow.com.br\/site\/wp-json\/wp\/v2\/tags?post=34351"}],"curies":[{"name":"wp","href":"https:\/\/api.w.org\/{rel}","templated":true}]}}