{"id":34362,"date":"2025-02-18T15:00:44","date_gmt":"2025-02-18T18:00:44","guid":{"rendered":"https:\/\/radiostudiow.com.br\/site\/?p=34362"},"modified":"2025-02-18T17:01:25","modified_gmt":"2025-02-18T20:01:25","slug":"sicredi-anuncia-construcao-de-nova-agencia-na-cidade-de-mallet","status":"publish","type":"post","link":"https:\/\/radiostudiow.com.br\/site\/2025\/02\/18\/sicredi-anuncia-construcao-de-nova-agencia-na-cidade-de-mallet\/","title":{"rendered":"Sicredi anuncia constru\u00e7\u00e3o de Nova Ag\u00eancia na cidade de Mallet"},"content":{"rendered":"\n<p><\/p>\n\n\n\n<h2 class=\"wp-block-heading\">Foi durante a Assembleia de Presta\u00e7\u00e3o de Contas que al\u00e9m de ter mostrado os resultados positivos do balan\u00e7o anual, divulgou a not\u00edcia que encantou a todos os associados que veem um crescimento da ag\u00eancia ainda maior para os pr\u00f3ximos anos no munic\u00edpio.<\/h2>\n\n\n\n<p><\/p>\n\n\n\n<p>Na \u00faltima sexta-feira, 14 de fevereiro, o Sicredi realizou sua assembleia anual nas depend\u00eancias do John&#8217;s Club Hotel, em Mallet. O evento reuniu centenas de pessoas e foi marcado pela presta\u00e7\u00e3o de contas detalhada aos associados.<\/p>\n\n\n\n<p>De acordo com Santo Capellari, presidente do Sicredi Centro Sul PR\/SC\/RJ, o objetivo do encontro foi promover a transpar\u00eancia nas atividades da cooperativa. \u201cN\u00f3s temos esse trabalho realizado h\u00e1 v\u00e1rios anos, e tem como objetivo prestar contas para o nosso associado. Hoje temos 36 ag\u00eancias em nossa regional e a mais recente foi inaugurada na cidade de Paula Freitas. Estamos passando pelos munic\u00edpios para apresentar informa\u00e7\u00f5es em n\u00edvel nacional e regional\u201d, explicou Capellari.<\/p>\n\n\n\n<figure class=\"wp-block-image size-full\"><img loading=\"lazy\" decoding=\"async\" width=\"897\" height=\"204\" src=\"https:\/\/radiostudiow.com.br\/site\/wp-content\/uploads\/2025\/01\/SITE-GRANDE3.png\" alt=\"\" class=\"wp-image-32900\" srcset=\"https:\/\/radiostudiow.com.br\/site\/wp-content\/uploads\/2025\/01\/SITE-GRANDE3.png 897w, https:\/\/radiostudiow.com.br\/site\/wp-content\/uploads\/2025\/01\/SITE-GRANDE3-300x68.png 300w, https:\/\/radiostudiow.com.br\/site\/wp-content\/uploads\/2025\/01\/SITE-GRANDE3-768x175.png 768w\" sizes=\"auto, (max-width: 897px) 100vw, 897px\" \/><\/figure>\n\n\n\n<p><\/p>\n\n\n\n<p>Durante a assembleia, Capellari tamb\u00e9m anunciou a constru\u00e7\u00e3o de uma nova ag\u00eancia do Sicredi em Mallet, que ficar\u00e1 localizada na Avenida Jo\u00e3o Pessoa. A nova unidade promete ser mais moderna e ampla, mas com a manuten\u00e7\u00e3o do atendimento humano e familiar que \u00e9 uma marca registrada da cooperativa.<\/p>\n\n\n\n<h2 class=\"wp-block-heading\">ASSISTA A ENTREVISTA E DE COMO FOI ESSA ASSEMBL\u00c9IA E O AN\u00daNCIO DA CONSTRU\u00c7\u00c3O DA NOVA AG\u00caNCIA EM MALLET<\/h2>\n\n\n\n<p><\/p>\n\n\n\n<figure class=\"wp-block-embed is-type-video is-provider-youtube wp-block-embed-youtube wp-embed-aspect-16-9 wp-has-aspect-ratio\"><div class=\"wp-block-embed__wrapper\">\n<iframe loading=\"lazy\" title=\"W Noticias: Sicredi realiza Assembleia de presta\u00e7\u00e3o de contas e anuncia nova Ag\u00eancia em Mallet\" width=\"740\" height=\"416\" src=\"https:\/\/www.youtube.com\/embed\/4BAU3SG7-SU?feature=oembed\" frameborder=\"0\" allow=\"accelerometer; autoplay; clipboard-write; encrypted-media; gyroscope; picture-in-picture; web-share\" referrerpolicy=\"strict-origin-when-cross-origin\" allowfullscreen><\/iframe>\n<\/div><\/figure>\n\n\n\n<p><\/p>\n\n\n\n<p><\/p>\n\n\n\n<p>O gerente da ag\u00eancia Sicredi de Mallet, Daniel Dias das Neves, destacou que as assembleias t\u00eam m\u00faltiplos prop\u00f3sitos. \u201cAl\u00e9m dos objetivos formais que seguem uma cooperativa com seus associados, trazemos os resultados do balan\u00e7o anual e celebramos os resultados positivos e o crescimento do Sicredi. Este \u00e9 um momento de transpar\u00eancia, em que apresentamos os resultados e o planejamento para o ano de 2025, comemorando juntos o crescimento, afinal o Sicredi \u00e9 de todos n\u00f3s associados\u201d, declarou Daniel Dias a reportagem da Studio W TV.<\/p>\n\n\n\n<p>Atualmente, a regional Centro Sul do Sicredi conta com quase 72 mil associados e mais de 55 mil poupadores. A assembleia em Mallet refor\u00e7ou os la\u00e7os entre a cooperativa e seus membros, celebrando mais um ano de conquistas e crescimento coletivo.<\/p>\n\n\n\n<p>STUDIO W TV<\/p>\n\n\n\n<p>Reportagem: Valdir Wladyka<\/p>\n\n\n\n<p>Edi\u00e7\u00e3o: Fernanda Ventura<\/p>\n\n\n\n<p><\/p>\n","protected":false},"excerpt":{"rendered":"<p>Foi durante a Assembleia de Presta\u00e7\u00e3o de Contas que al\u00e9m de ter mostrado os resultados positivos do balan\u00e7o anual, divulgou a not\u00edcia que encantou a todos os associados que veem um crescimento da ag\u00eancia ainda maior para os pr\u00f3ximos anos no munic\u00edpio. Na \u00faltima sexta-feira, 14 de fevereiro, o Sicredi realizou sua assembleia anual nas [&hellip;]<\/p>\n","protected":false},"author":2,"featured_media":34363,"comment_status":"open","ping_status":"open","sticky":false,"template":"","format":"standard","meta":{"footnotes":""},"categories":[184],"tags":[172],"class_list":["post-34362","post","type-post","status-publish","format-standard","has-post-thumbnail","hentry","category-local","tag-featured"],"amp_enabled":true,"_links":{"self":[{"href":"https:\/\/radiostudiow.com.br\/site\/wp-json\/wp\/v2\/posts\/34362","targetHints":{"allow":["GET"]}}],"collection":[{"href":"https:\/\/radiostudiow.com.br\/site\/wp-json\/wp\/v2\/posts"}],"about":[{"href":"https:\/\/radiostudiow.com.br\/site\/wp-json\/wp\/v2\/types\/post"}],"author":[{"embeddable":true,"href":"https:\/\/radiostudiow.com.br\/site\/wp-json\/wp\/v2\/users\/2"}],"replies":[{"embeddable":true,"href":"https:\/\/radiostudiow.com.br\/site\/wp-json\/wp\/v2\/comments?post=34362"}],"version-history":[{"count":6,"href":"https:\/\/radiostudiow.com.br\/site\/wp-json\/wp\/v2\/posts\/34362\/revisions"}],"predecessor-version":[{"id":34385,"href":"https:\/\/radiostudiow.com.br\/site\/wp-json\/wp\/v2\/posts\/34362\/revisions\/34385"}],"wp:featuredmedia":[{"embeddable":true,"href":"https:\/\/radiostudiow.com.br\/site\/wp-json\/wp\/v2\/media\/34363"}],"wp:attachment":[{"href":"https:\/\/radiostudiow.com.br\/site\/wp-json\/wp\/v2\/media?parent=34362"}],"wp:term":[{"taxonomy":"category","embeddable":true,"href":"https:\/\/radiostudiow.com.br\/site\/wp-json\/wp\/v2\/categories?post=34362"},{"taxonomy":"post_tag","embeddable":true,"href":"https:\/\/radiostudiow.com.br\/site\/wp-json\/wp\/v2\/tags?post=34362"}],"curies":[{"name":"wp","href":"https:\/\/api.w.org\/{rel}","templated":true}]}}