{"id":34375,"date":"2025-02-18T16:21:35","date_gmt":"2025-02-18T19:21:35","guid":{"rendered":"https:\/\/radiostudiow.com.br\/site\/?p=34375"},"modified":"2025-02-18T18:07:03","modified_gmt":"2025-02-18T21:07:03","slug":"policia-civil-prende-homem-por-uso-de-documento-falso-em-sao-mateus-do-sul","status":"publish","type":"post","link":"https:\/\/radiostudiow.com.br\/site\/2025\/02\/18\/policia-civil-prende-homem-por-uso-de-documento-falso-em-sao-mateus-do-sul\/","title":{"rendered":"Pol\u00edcia Civil prende homem por uso de documento falso em S\u00e3o Mateus do Sul"},"content":{"rendered":"\n<p>A equipe da Pol\u00edcia Civil da 3\u00aa Subdivis\u00e3o Policial de S\u00e3o Mateus do Sul, prendeu um homem de 43 anos pelo crime de uso de documento falso em uma ag\u00eancia banc\u00e1ria do munic\u00edpio.<\/p>\n\n\n\n<p>A pris\u00e3o ocorreu na \u00faltima sexta-feira, 14 de fevereiro de 2025, mas a impressa recebeu as informa\u00e7\u00f5es da Pol\u00edcia Civil nessa ter\u00e7a-feira (18).O homem foi detido ap\u00f3s usar o documento na tentativa de abrir uma conta na institui\u00e7\u00e3o banc\u00e1ria. A abertura da conta era um pr\u00e9-requisito para aplica\u00e7\u00e3o de outro golpe.<\/p>\n\n\n\n<figure class=\"wp-block-image size-full\"><img loading=\"lazy\" decoding=\"async\" width=\"598\" height=\"204\" src=\"https:\/\/radiostudiow.com.br\/site\/wp-content\/uploads\/2025\/01\/SITE-MEDIO2.png\" alt=\"\" class=\"wp-image-32844\" srcset=\"https:\/\/radiostudiow.com.br\/site\/wp-content\/uploads\/2025\/01\/SITE-MEDIO2.png 598w, https:\/\/radiostudiow.com.br\/site\/wp-content\/uploads\/2025\/01\/SITE-MEDIO2-300x102.png 300w\" sizes=\"auto, (max-width: 598px) 100vw, 598px\" \/><\/figure>\n\n\n\n<p>Diante disso, a Pol\u00edcia foi acionada, compareceu ao local, constatou a fraude e prendeu em flagrante o suspeito.<\/p>\n\n\n\n<p>O suspeito \u00e9 natural de S\u00e3o Paulo, usou um documento de identidade falso do Rio Grande do Sul e j\u00e1 tentou realizar a abertura de contas em institui\u00e7\u00f5es banc\u00e1rias de outros munic\u00edpios.<\/p>\n","protected":false},"excerpt":{"rendered":"<p>A equipe da Pol\u00edcia Civil da 3\u00aa Subdivis\u00e3o Policial de S\u00e3o Mateus do Sul, prendeu um homem de 43 anos pelo crime de uso de documento falso em uma ag\u00eancia banc\u00e1ria do munic\u00edpio. A pris\u00e3o ocorreu na \u00faltima sexta-feira, 14 de fevereiro de 2025, mas a impressa recebeu as informa\u00e7\u00f5es da Pol\u00edcia Civil nessa ter\u00e7a-feira [&hellip;]<\/p>\n","protected":false},"author":2,"featured_media":34064,"comment_status":"open","ping_status":"open","sticky":false,"template":"","format":"standard","meta":{"footnotes":""},"categories":[2],"tags":[172],"class_list":["post-34375","post","type-post","status-publish","format-standard","has-post-thumbnail","hentry","category-policial","tag-featured"],"amp_enabled":true,"_links":{"self":[{"href":"https:\/\/radiostudiow.com.br\/site\/wp-json\/wp\/v2\/posts\/34375","targetHints":{"allow":["GET"]}}],"collection":[{"href":"https:\/\/radiostudiow.com.br\/site\/wp-json\/wp\/v2\/posts"}],"about":[{"href":"https:\/\/radiostudiow.com.br\/site\/wp-json\/wp\/v2\/types\/post"}],"author":[{"embeddable":true,"href":"https:\/\/radiostudiow.com.br\/site\/wp-json\/wp\/v2\/users\/2"}],"replies":[{"embeddable":true,"href":"https:\/\/radiostudiow.com.br\/site\/wp-json\/wp\/v2\/comments?post=34375"}],"version-history":[{"count":2,"href":"https:\/\/radiostudiow.com.br\/site\/wp-json\/wp\/v2\/posts\/34375\/revisions"}],"predecessor-version":[{"id":34404,"href":"https:\/\/radiostudiow.com.br\/site\/wp-json\/wp\/v2\/posts\/34375\/revisions\/34404"}],"wp:featuredmedia":[{"embeddable":true,"href":"https:\/\/radiostudiow.com.br\/site\/wp-json\/wp\/v2\/media\/34064"}],"wp:attachment":[{"href":"https:\/\/radiostudiow.com.br\/site\/wp-json\/wp\/v2\/media?parent=34375"}],"wp:term":[{"taxonomy":"category","embeddable":true,"href":"https:\/\/radiostudiow.com.br\/site\/wp-json\/wp\/v2\/categories?post=34375"},{"taxonomy":"post_tag","embeddable":true,"href":"https:\/\/radiostudiow.com.br\/site\/wp-json\/wp\/v2\/tags?post=34375"}],"curies":[{"name":"wp","href":"https:\/\/api.w.org\/{rel}","templated":true}]}}