{"id":34377,"date":"2025-02-18T16:27:01","date_gmt":"2025-02-18T19:27:01","guid":{"rendered":"https:\/\/radiostudiow.com.br\/site\/?p=34377"},"modified":"2025-02-19T20:55:00","modified_gmt":"2025-02-19T23:55:00","slug":"bolsa-familia-pagamentos-sao-liberados-para-beneficiarios","status":"publish","type":"post","link":"https:\/\/radiostudiow.com.br\/site\/2025\/02\/18\/bolsa-familia-pagamentos-sao-liberados-para-beneficiarios\/","title":{"rendered":"Bolsa Fam\u00edlia: Pagamentos s\u00e3o liberados para benefici\u00e1rios"},"content":{"rendered":"\n<p>A Caixa Econ\u00f4mica Federal iniciou nessa segunda-feira, 17 de fevereiro, o pagamento da parcela de fevereiro do\u00a0<strong>Bolsa Fam\u00edlia<\/strong>. Os benefici\u00e1rios com N\u00famero de Inscri\u00e7\u00e3o Social (NIS) de final 1 s\u00e3o os primeiros a receber.<\/p>\n\n\n\n<p>No Rio Grande do Sul, cerca de 620 mil moradores receber\u00e3o o pagamento hoje, independentemente do NIS. Al\u00e9m disso, benefici\u00e1rios de outros estados que vivem em munic\u00edpios em situa\u00e7\u00e3o de emerg\u00eancia ou estado de calamidade p\u00fablica tamb\u00e9m receber\u00e3o o benef\u00edcio hoje.<\/p>\n\n\n\n<figure class=\"wp-block-image size-full\"><img loading=\"lazy\" decoding=\"async\" width=\"897\" height=\"204\" src=\"https:\/\/radiostudiow.com.br\/site\/wp-content\/uploads\/2025\/01\/SITE-GRANDE5.png\" alt=\"\" class=\"wp-image-32814\" srcset=\"https:\/\/radiostudiow.com.br\/site\/wp-content\/uploads\/2025\/01\/SITE-GRANDE5.png 897w, https:\/\/radiostudiow.com.br\/site\/wp-content\/uploads\/2025\/01\/SITE-GRANDE5-300x68.png 300w, https:\/\/radiostudiow.com.br\/site\/wp-content\/uploads\/2025\/01\/SITE-GRANDE5-768x175.png 768w\" sizes=\"auto, (max-width: 897px) 100vw, 897px\" \/><\/figure>\n\n\n\n<h2 class=\"wp-block-heading\">Valores e Benef\u00edcios<\/h2>\n\n\n\n<p>O valor m\u00ednimo do Bolsa Fam\u00edlia \u00e9 de R$ 600. Al\u00e9m disso, h\u00e1 tr\u00eas adicionais:<\/p>\n\n\n\n<p>\u2013 Benef\u00edcio Vari\u00e1vel Familiar Nutriz: seis parcelas de R$ 50 para m\u00e3es de beb\u00eas de at\u00e9 seis meses;<br>\u2013 Acr\u00e9scimo para fam\u00edlias com gestantes e filhos de 7 a 18 anos: R$ 50;<br>\u2013 Acr\u00e9scimo para fam\u00edlias com crian\u00e7as de at\u00e9 6 anos: R$ 150.<\/p>\n\n\n\n<h2 class=\"wp-block-heading\">Regra de Prote\u00e7\u00e3o<\/h2>\n\n\n\n<p>Cerca de 2,5 milh\u00f5es de fam\u00edlias est\u00e3o na regra de prote\u00e7\u00e3o em fevereiro. Essa regra permite que fam\u00edlias cujos membros consigam emprego e melhorem a renda recebam 50% do benef\u00edcio a que teriam direito por at\u00e9 dois anos.<\/p>\n\n\n\n<p>Consulte as Informa\u00e7\u00f5es<\/p>\n\n\n\n<p>Os benefici\u00e1rios podem consultar as datas de pagamento, o valor do benef\u00edcio e a composi\u00e7\u00e3o das parcelas no aplicativo Caixa Tem.<\/p>\n\n\n<div class=\"wp-block-image\">\n<figure class=\"aligncenter\"><a href=\"https:\/\/static5.vvale.com.br\/wp-content\/uploads\/2025\/02\/bolsa-familia-datas.png\"><img decoding=\"async\" src=\"https:\/\/static5.vvale.com.br\/wp-content\/uploads\/2025\/02\/bolsa-familia-datas-414x600.png\" alt=\"\" class=\"wp-image-558251\"\/><\/a><\/figure>\n<\/div>","protected":false},"excerpt":{"rendered":"<p>A Caixa Econ\u00f4mica Federal iniciou nessa segunda-feira, 17 de fevereiro, o pagamento da parcela de fevereiro do\u00a0Bolsa Fam\u00edlia. Os benefici\u00e1rios com N\u00famero de Inscri\u00e7\u00e3o Social (NIS) de final 1 s\u00e3o os primeiros a receber. No Rio Grande do Sul, cerca de 620 mil moradores receber\u00e3o o pagamento hoje, independentemente do NIS. Al\u00e9m disso, benefici\u00e1rios de [&hellip;]<\/p>\n","protected":false},"author":2,"featured_media":30452,"comment_status":"open","ping_status":"open","sticky":false,"template":"","format":"standard","meta":{"footnotes":""},"categories":[7],"tags":[172],"class_list":["post-34377","post","type-post","status-publish","format-standard","has-post-thumbnail","hentry","category-geral","tag-featured"],"amp_enabled":true,"_links":{"self":[{"href":"https:\/\/radiostudiow.com.br\/site\/wp-json\/wp\/v2\/posts\/34377","targetHints":{"allow":["GET"]}}],"collection":[{"href":"https:\/\/radiostudiow.com.br\/site\/wp-json\/wp\/v2\/posts"}],"about":[{"href":"https:\/\/radiostudiow.com.br\/site\/wp-json\/wp\/v2\/types\/post"}],"author":[{"embeddable":true,"href":"https:\/\/radiostudiow.com.br\/site\/wp-json\/wp\/v2\/users\/2"}],"replies":[{"embeddable":true,"href":"https:\/\/radiostudiow.com.br\/site\/wp-json\/wp\/v2\/comments?post=34377"}],"version-history":[{"count":2,"href":"https:\/\/radiostudiow.com.br\/site\/wp-json\/wp\/v2\/posts\/34377\/revisions"}],"predecessor-version":[{"id":34380,"href":"https:\/\/radiostudiow.com.br\/site\/wp-json\/wp\/v2\/posts\/34377\/revisions\/34380"}],"wp:featuredmedia":[{"embeddable":true,"href":"https:\/\/radiostudiow.com.br\/site\/wp-json\/wp\/v2\/media\/30452"}],"wp:attachment":[{"href":"https:\/\/radiostudiow.com.br\/site\/wp-json\/wp\/v2\/media?parent=34377"}],"wp:term":[{"taxonomy":"category","embeddable":true,"href":"https:\/\/radiostudiow.com.br\/site\/wp-json\/wp\/v2\/categories?post=34377"},{"taxonomy":"post_tag","embeddable":true,"href":"https:\/\/radiostudiow.com.br\/site\/wp-json\/wp\/v2\/tags?post=34377"}],"curies":[{"name":"wp","href":"https:\/\/api.w.org\/{rel}","templated":true}]}}