{"id":3438,"date":"2021-08-30T09:46:23","date_gmt":"2021-08-30T12:46:23","guid":{"rendered":"https:\/\/radiostudiow.com.br\/site\/?p=3438"},"modified":"2025-01-31T15:12:30","modified_gmt":"2025-01-31T18:12:30","slug":"pm-de-paulo-frontin-e-acionada-apos-violencia-domestica","status":"publish","type":"post","link":"https:\/\/radiostudiow.com.br\/site\/2021\/08\/30\/pm-de-paulo-frontin-e-acionada-apos-violencia-domestica\/","title":{"rendered":"PM de Paulo Frontin \u00e9 acionada ap\u00f3s Viol\u00eancia Domestica"},"content":{"rendered":"\n<p>A equipe da Pol\u00edcia Militar de Paulo Frontin foi acionada por um homem para verificar uma situa\u00e7\u00e3o de Viol\u00eancia Domestica em uma resid\u00eancia vizinha por volta das 19:37 horas desse s\u00e1bado (28).<\/p>\n\n\n\n<p>Os policiais se deslocaram at\u00e9 o local, aonde um senhor e uma senhora foram abordados e indagados sobre a viol\u00eancia dom\u00e9stica entre o casal, sendo negado pelo marido. Em conversa com a esposa, ela afirmou aos policiais que j\u00e1 houve anteriormente agress\u00f5es verbais e que nesse momento seu convivente estaria um pouco nervoso por achar que ela esta estava conversando via celular com seu ex-marido, fato este negado por ela.<\/p>\n\n\n\n<p>Os policiais perguntaram para a mulher se havia alguma les\u00e3o em seu corpo, disse que n\u00e3o, foi indagada se gostaria de representar contra seu marido, respondeu que n\u00e3o.<\/p>\n\n\n\n<p>Em continuidade, o suspeito se prontificou em deixar a resid\u00eancia, fazendo isso na presen\u00e7a da equipe. As partes foram orientadas.<\/p>\n\n\n\n<figure class=\"wp-block-image size-full\"><img decoding=\"async\" src=\"https:\/\/radiostudiow.com.br\/site\/wp-content\/uploads\/2021\/08\/IMOB-SUL-1.jpg\" alt=\"\" class=\"wp-image-3394\"\/><\/figure>\n","protected":false},"excerpt":{"rendered":"<p>A equipe da Pol\u00edcia Militar de Paulo Frontin foi acionada por um homem para verificar uma situa\u00e7\u00e3o de Viol\u00eancia Domestica em uma resid\u00eancia vizinha por volta das 19:37 horas desse s\u00e1bado (28). Os policiais se deslocaram at\u00e9 o local, aonde um senhor e uma senhora foram abordados e indagados sobre a viol\u00eancia dom\u00e9stica entre o [&hellip;]<\/p>\n","protected":false},"author":2,"featured_media":0,"comment_status":"open","ping_status":"open","sticky":false,"template":"","format":"standard","meta":{"footnotes":""},"categories":[2],"tags":[172],"class_list":["post-3438","post","type-post","status-publish","format-standard","hentry","category-policial","tag-featured"],"amp_enabled":true,"_links":{"self":[{"href":"https:\/\/radiostudiow.com.br\/site\/wp-json\/wp\/v2\/posts\/3438","targetHints":{"allow":["GET"]}}],"collection":[{"href":"https:\/\/radiostudiow.com.br\/site\/wp-json\/wp\/v2\/posts"}],"about":[{"href":"https:\/\/radiostudiow.com.br\/site\/wp-json\/wp\/v2\/types\/post"}],"author":[{"embeddable":true,"href":"https:\/\/radiostudiow.com.br\/site\/wp-json\/wp\/v2\/users\/2"}],"replies":[{"embeddable":true,"href":"https:\/\/radiostudiow.com.br\/site\/wp-json\/wp\/v2\/comments?post=3438"}],"version-history":[{"count":2,"href":"https:\/\/radiostudiow.com.br\/site\/wp-json\/wp\/v2\/posts\/3438\/revisions"}],"predecessor-version":[{"id":3441,"href":"https:\/\/radiostudiow.com.br\/site\/wp-json\/wp\/v2\/posts\/3438\/revisions\/3441"}],"wp:attachment":[{"href":"https:\/\/radiostudiow.com.br\/site\/wp-json\/wp\/v2\/media?parent=3438"}],"wp:term":[{"taxonomy":"category","embeddable":true,"href":"https:\/\/radiostudiow.com.br\/site\/wp-json\/wp\/v2\/categories?post=3438"},{"taxonomy":"post_tag","embeddable":true,"href":"https:\/\/radiostudiow.com.br\/site\/wp-json\/wp\/v2\/tags?post=3438"}],"curies":[{"name":"wp","href":"https:\/\/api.w.org\/{rel}","templated":true}]}}