{"id":34381,"date":"2025-02-18T16:57:33","date_gmt":"2025-02-18T19:57:33","guid":{"rendered":"https:\/\/radiostudiow.com.br\/site\/?p=34381"},"modified":"2025-02-18T16:57:33","modified_gmt":"2025-02-18T19:57:33","slug":"boletim-semanal-da-dengue-confirma-1-598-novos-casos-e-mais-um-obito-no-parana","status":"publish","type":"post","link":"https:\/\/radiostudiow.com.br\/site\/2025\/02\/18\/boletim-semanal-da-dengue-confirma-1-598-novos-casos-e-mais-um-obito-no-parana\/","title":{"rendered":"Boletim semanal da dengue confirma 1.598 novos casos e mais um \u00f3bito no Paran\u00e1"},"content":{"rendered":"\n<p>A Secretaria de Estado da Sa\u00fade (Sesa), por meio da Coordenadoria Estadual de Vigil\u00e2ncia Ambiental, publicou nesta ter\u00e7a-feira (18) o novo informe semanal da dengue. Foram registrados 1.598 novos casos da doen\u00e7a e mais um \u00f3bito.<\/p>\n\n\n\n<p>Os dados do novo ano epidemiol\u00f3gico 2025 totalizam 28.401 notifica\u00e7\u00f5es, 5.323 diagn\u00f3sticos confirmados e dois \u00f3bitos em decorr\u00eancia da dengue.<\/p>\n\n\n\n<figure class=\"wp-block-image size-full\"><img loading=\"lazy\" decoding=\"async\" width=\"598\" height=\"204\" src=\"https:\/\/radiostudiow.com.br\/site\/wp-content\/uploads\/2025\/01\/SITE-MEDIO.png\" alt=\"\" class=\"wp-image-32810\" srcset=\"https:\/\/radiostudiow.com.br\/site\/wp-content\/uploads\/2025\/01\/SITE-MEDIO.png 598w, https:\/\/radiostudiow.com.br\/site\/wp-content\/uploads\/2025\/01\/SITE-MEDIO-300x102.png 300w\" sizes=\"auto, (max-width: 598px) 100vw, 598px\" \/><\/figure>\n\n\n\n<p>O novo \u00f3bito, ocorrido em 24 de janeiro de 2025, \u00e9 de uma paciente de 43 anos, com comorbidades e que residia no munic\u00edpio de Carl\u00f3polis, na 19\u00aa Regional de Sa\u00fade de Jacarezinho. No total, 367 munic\u00edpios j\u00e1 apresentaram notifica\u00e7\u00f5es da doen\u00e7a, transmitida pelo mosquito Aedes aegypti, e 216 tiveram casos confirmados.<\/p>\n\n\n\n<p>As regionais com mais casos confirmados neste per\u00edodo epidemiol\u00f3gico s\u00e3o a de Paranava\u00ed (1.726); de Londrina (1.075); de Umuarama (391); Cianorte (387) e Maring\u00e1 (371). As com menos registros s\u00e3o Irati (1), Uni\u00e3o da Vit\u00f3ria (3), Campo Mour\u00e3o (4), Ivaipor\u00e3 (8) e Pato Branco (16).<\/p>\n\n\n\n<figure class=\"wp-block-image size-full\"><img decoding=\"async\" src=\"https:\/\/radiostudiow.com.br\/site\/wp-content\/uploads\/2025\/02\/SITE-E-TV.png\" alt=\"\" class=\"wp-image-33896\"\/><\/figure>\n\n\n\n<p><strong>OUTRAS ARBOVIROSES<\/strong>&nbsp;\u2013 A publica\u00e7\u00e3o traz, ainda, dados sobre Chikungunya e Zika, doen\u00e7as que tamb\u00e9m t\u00eam como vetor o mosquito Aedes aegypti. Foram confirmados 162 casos de Chikungunya, com um total de 529 notifica\u00e7\u00f5es da doen\u00e7a no Estado. No que se refere ao Zika V\u00edrus, at\u00e9 o momento foram registradas 14 notifica\u00e7\u00f5es, sem casos confirmados.<\/p>\n\n\n\n<p>Confira o Informe Semanal completo&nbsp;<strong><a href=\"https:\/\/www.documentador.pr.gov.br\/documentador\/pub.do?action=d&amp;uuid=@gtf-escriba-sesa@b4e92d37-99c8-4859-ae41-2174c9b504c0&amp;emPg=true\" target=\"_blank\" rel=\"noreferrer noopener\">AQUI<\/a><\/strong>. Mais informa\u00e7\u00f5es sobre a dengue est\u00e3o neste&nbsp;<strong><a href=\"https:\/\/www.dengue.pr.gov.br\/\" target=\"_blank\" rel=\"noreferrer noopener\">LINK.<\/a><\/strong><\/p>\n","protected":false},"excerpt":{"rendered":"<p>A Secretaria de Estado da Sa\u00fade (Sesa), por meio da Coordenadoria Estadual de Vigil\u00e2ncia Ambiental, publicou nesta ter\u00e7a-feira (18) o novo informe semanal da dengue. Foram registrados 1.598 novos casos da doen\u00e7a e mais um \u00f3bito. Os dados do novo ano epidemiol\u00f3gico 2025 totalizam 28.401 notifica\u00e7\u00f5es, 5.323 diagn\u00f3sticos confirmados e dois \u00f3bitos em decorr\u00eancia da [&hellip;]<\/p>\n","protected":false},"author":2,"featured_media":33421,"comment_status":"open","ping_status":"open","sticky":false,"template":"","format":"standard","meta":{"footnotes":""},"categories":[182],"tags":[172],"class_list":["post-34381","post","type-post","status-publish","format-standard","has-post-thumbnail","hentry","category-saude","tag-featured"],"amp_enabled":true,"_links":{"self":[{"href":"https:\/\/radiostudiow.com.br\/site\/wp-json\/wp\/v2\/posts\/34381","targetHints":{"allow":["GET"]}}],"collection":[{"href":"https:\/\/radiostudiow.com.br\/site\/wp-json\/wp\/v2\/posts"}],"about":[{"href":"https:\/\/radiostudiow.com.br\/site\/wp-json\/wp\/v2\/types\/post"}],"author":[{"embeddable":true,"href":"https:\/\/radiostudiow.com.br\/site\/wp-json\/wp\/v2\/users\/2"}],"replies":[{"embeddable":true,"href":"https:\/\/radiostudiow.com.br\/site\/wp-json\/wp\/v2\/comments?post=34381"}],"version-history":[{"count":1,"href":"https:\/\/radiostudiow.com.br\/site\/wp-json\/wp\/v2\/posts\/34381\/revisions"}],"predecessor-version":[{"id":34383,"href":"https:\/\/radiostudiow.com.br\/site\/wp-json\/wp\/v2\/posts\/34381\/revisions\/34383"}],"wp:featuredmedia":[{"embeddable":true,"href":"https:\/\/radiostudiow.com.br\/site\/wp-json\/wp\/v2\/media\/33421"}],"wp:attachment":[{"href":"https:\/\/radiostudiow.com.br\/site\/wp-json\/wp\/v2\/media?parent=34381"}],"wp:term":[{"taxonomy":"category","embeddable":true,"href":"https:\/\/radiostudiow.com.br\/site\/wp-json\/wp\/v2\/categories?post=34381"},{"taxonomy":"post_tag","embeddable":true,"href":"https:\/\/radiostudiow.com.br\/site\/wp-json\/wp\/v2\/tags?post=34381"}],"curies":[{"name":"wp","href":"https:\/\/api.w.org\/{rel}","templated":true}]}}