{"id":34389,"date":"2025-02-18T17:51:35","date_gmt":"2025-02-18T20:51:35","guid":{"rendered":"https:\/\/radiostudiow.com.br\/site\/?p=34389"},"modified":"2025-02-18T17:51:35","modified_gmt":"2025-02-18T20:51:35","slug":"homem-fica-ferido-em-acidente-entre-dois-caminhoes-em-imbituva","status":"publish","type":"post","link":"https:\/\/radiostudiow.com.br\/site\/2025\/02\/18\/homem-fica-ferido-em-acidente-entre-dois-caminhoes-em-imbituva\/","title":{"rendered":"Homem fica ferido em acidente entre dois caminh\u00f5es em Imbituva"},"content":{"rendered":"\n<p>Um homem ficou ferido em um acidente envolvendo dois caminh\u00f5es na BR-153, em\u00a0Imbituva, na tarde de dessa segunda-feira (17).<\/p>\n\n\n\n<p>O motorista de um caminh\u00e3o Volvo, de 45 anos, sofreu ferimentos leves e foi encaminhado para receber atendimento m\u00e9dico. J\u00e1 o condutor de um bitrem Mercedes Benz, de 42 anos, n\u00e3o se feriu.<\/p>\n\n\n\n<figure class=\"wp-block-image size-full\"><img loading=\"lazy\" decoding=\"async\" width=\"598\" height=\"204\" src=\"https:\/\/radiostudiow.com.br\/site\/wp-content\/uploads\/2025\/01\/SITE-MEDIO7.png\" alt=\"\" class=\"wp-image-32801\" srcset=\"https:\/\/radiostudiow.com.br\/site\/wp-content\/uploads\/2025\/01\/SITE-MEDIO7.png 598w, https:\/\/radiostudiow.com.br\/site\/wp-content\/uploads\/2025\/01\/SITE-MEDIO7-300x102.png 300w\" sizes=\"auto, (max-width: 598px) 100vw, 598px\" \/><\/figure>\n\n\n\n<p>O caminh\u00e3o Volvo havia sido emplacado em Maring\u00e1. J\u00e1 o bitrem tem placas de Canoinhas\/SC. O acidente ocorreu por volta das 17h, no quil\u00f4metro 316 da rodovia.<\/p>\n\n\n\n<p>As pistas foram interditadas por aproximadamente uma hora para remo\u00e7\u00e3o dos caminh\u00f5es no per\u00edodo entre 18h30 e 19h30. As equipes do Corpo de Bombeiros e da Pol\u00edcia Rodovi\u00e1ria Federal (PRF) prestaram atendimento no local do acidente.<\/p>\n","protected":false},"excerpt":{"rendered":"<p>Um homem ficou ferido em um acidente envolvendo dois caminh\u00f5es na BR-153, em\u00a0Imbituva, na tarde de dessa segunda-feira (17). O motorista de um caminh\u00e3o Volvo, de 45 anos, sofreu ferimentos leves e foi encaminhado para receber atendimento m\u00e9dico. J\u00e1 o condutor de um bitrem Mercedes Benz, de 42 anos, n\u00e3o se feriu. O caminh\u00e3o Volvo [&hellip;]<\/p>\n","protected":false},"author":2,"featured_media":34399,"comment_status":"open","ping_status":"open","sticky":false,"template":"","format":"standard","meta":{"footnotes":""},"categories":[185],"tags":[172],"class_list":["post-34389","post","type-post","status-publish","format-standard","has-post-thumbnail","hentry","category-regional","tag-featured"],"amp_enabled":true,"_links":{"self":[{"href":"https:\/\/radiostudiow.com.br\/site\/wp-json\/wp\/v2\/posts\/34389","targetHints":{"allow":["GET"]}}],"collection":[{"href":"https:\/\/radiostudiow.com.br\/site\/wp-json\/wp\/v2\/posts"}],"about":[{"href":"https:\/\/radiostudiow.com.br\/site\/wp-json\/wp\/v2\/types\/post"}],"author":[{"embeddable":true,"href":"https:\/\/radiostudiow.com.br\/site\/wp-json\/wp\/v2\/users\/2"}],"replies":[{"embeddable":true,"href":"https:\/\/radiostudiow.com.br\/site\/wp-json\/wp\/v2\/comments?post=34389"}],"version-history":[{"count":1,"href":"https:\/\/radiostudiow.com.br\/site\/wp-json\/wp\/v2\/posts\/34389\/revisions"}],"predecessor-version":[{"id":34400,"href":"https:\/\/radiostudiow.com.br\/site\/wp-json\/wp\/v2\/posts\/34389\/revisions\/34400"}],"wp:featuredmedia":[{"embeddable":true,"href":"https:\/\/radiostudiow.com.br\/site\/wp-json\/wp\/v2\/media\/34399"}],"wp:attachment":[{"href":"https:\/\/radiostudiow.com.br\/site\/wp-json\/wp\/v2\/media?parent=34389"}],"wp:term":[{"taxonomy":"category","embeddable":true,"href":"https:\/\/radiostudiow.com.br\/site\/wp-json\/wp\/v2\/categories?post=34389"},{"taxonomy":"post_tag","embeddable":true,"href":"https:\/\/radiostudiow.com.br\/site\/wp-json\/wp\/v2\/tags?post=34389"}],"curies":[{"name":"wp","href":"https:\/\/api.w.org\/{rel}","templated":true}]}}