{"id":34390,"date":"2025-02-18T17:41:22","date_gmt":"2025-02-18T20:41:22","guid":{"rendered":"https:\/\/radiostudiow.com.br\/site\/?p=34390"},"modified":"2025-02-18T19:05:31","modified_gmt":"2025-02-18T22:05:31","slug":"policia-civil-investiga-morte-de-homem-suspeito-de-ser-vitima-de-assalto-e-espancamento-no-interior-de-mallet","status":"publish","type":"post","link":"https:\/\/radiostudiow.com.br\/site\/2025\/02\/18\/policia-civil-investiga-morte-de-homem-suspeito-de-ser-vitima-de-assalto-e-espancamento-no-interior-de-mallet\/","title":{"rendered":"POL\u00cdCIA CIVIL INVESTIGA MORTE DE HOMEM SUSPEITO DE SER V\u00cdTIMA DE ASSALTO E ESPANCAMENTO NO INTERIOR DE MALLET"},"content":{"rendered":"\n<p><\/p>\n\n\n\n<h2 class=\"wp-block-heading\">Dr. Donizete de Arruda Gordiano, Delegado da 10\u00aa DRP (Delegacia Regional da Policia Civil de Mallet), aguarda o laudo do IML de Uni\u00e3o da Vit\u00f3ria sobre as circunst\u00e2ncias da morte ap\u00f3s familiares suspeitarem de assalto e espancamento na Col\u00f4nia Santa Cruz.<\/h2>\n\n\n\n<p><\/p>\n\n\n\n<p>A Pol\u00edcia Civil de Mallet investiga a morte de M\u00e1rio Pedro Poliszuk, de 55 anos, morador da localidade de Santa Cruz, como poss\u00edvel v\u00edtima de assalto seguido de espancamento.<\/p>\n\n\n\n<p>O caso teve in\u00edcio na tarde da sexta-feira dia 07 de fevereiro por volta das 16h20, quando os Brigadistas Comunit\u00e1rios foram acionados para atender a v\u00edtima, que estava em sua resid\u00eancia ca\u00edda e gemendo de dor.<\/p>\n\n\n\n<figure class=\"wp-block-image size-full\"><img loading=\"lazy\" decoding=\"async\" width=\"897\" height=\"204\" src=\"https:\/\/radiostudiow.com.br\/site\/wp-content\/uploads\/2025\/01\/SITE-GRANDE5.png\" alt=\"\" class=\"wp-image-32814\" srcset=\"https:\/\/radiostudiow.com.br\/site\/wp-content\/uploads\/2025\/01\/SITE-GRANDE5.png 897w, https:\/\/radiostudiow.com.br\/site\/wp-content\/uploads\/2025\/01\/SITE-GRANDE5-300x68.png 300w, https:\/\/radiostudiow.com.br\/site\/wp-content\/uploads\/2025\/01\/SITE-GRANDE5-768x175.png 768w\" sizes=\"auto, (max-width: 897px) 100vw, 897px\" \/><\/figure>\n\n\n\n<p><strong>De acordo com o Delegado Dr. Donizete de Arruda Gordiano, da 10\u00aa \u00a0DRP (Delegacia Regional de Pol\u00edcia Civil) de Mallet, uma mulher, irm\u00e3 da v\u00edtima, compareceu \u00e0 delegacia para registrar o Boletim de Ocorr\u00eancia, afirmando que seu irm\u00e3o teria sido assaltado e espancado.<\/strong><\/p>\n\n\n\n<p>De imediato o delegado solicitou ao Instituto M\u00e9dico Legal (IML) de Uni\u00e3o da Vit\u00f3ria o recolhimento do corpo para exame de necropsia.<\/p>\n\n\n\n<figure class=\"wp-block-image size-full\"><img loading=\"lazy\" decoding=\"async\" width=\"598\" height=\"204\" src=\"https:\/\/radiostudiow.com.br\/site\/wp-content\/uploads\/2025\/01\/SITE-MEDIO.png\" alt=\"\" class=\"wp-image-32810\" srcset=\"https:\/\/radiostudiow.com.br\/site\/wp-content\/uploads\/2025\/01\/SITE-MEDIO.png 598w, https:\/\/radiostudiow.com.br\/site\/wp-content\/uploads\/2025\/01\/SITE-MEDIO-300x102.png 300w\" sizes=\"auto, (max-width: 598px) 100vw, 598px\" \/><\/figure>\n\n\n\n<p><\/p>\n\n\n\n<p><strong>Segundo Dr. Donizete, ao questionar a irm\u00e3 da v\u00edtima sobre a demora em procurar a delegacia<\/strong>.         Ela explicou que mora na regi\u00e3o metropolitana de Curitiba e que seu \u00faltimo contato com o irm\u00e3o havia sido h\u00e1 tr\u00eas meses, durante uma visita \u00e0 sua resid\u00eancia. Assim que soube da ocorr\u00eancia, deslocou-se para Mallet e, ao chegar \u00e0 casa do irm\u00e3o no s\u00e1bado dia 08 de fevereiro, encontrou o local todo desorganizado.<\/p>\n\n\n\n<p>A irm\u00e3 ainda relatou que, por temer que as pessoas que poderiam ter feito mal ao irm\u00e3o voltassem, n\u00e3o registrou o Boletim de Ocorr\u00eancia de imediato, tendo procurado a delegacia apenas ap\u00f3s o falecimento dele.<\/p>\n\n\n\n<p>Um vizinho que encontrou a v\u00edtima relatou a PCPR que visitava o Sr. M\u00e1rio semanalmente e que ele tinha hist\u00f3rico de alcoolismo. <\/p>\n\n\n\n<p><strong>Os brigadistas que atenderam ao chamado encontraram M\u00e1rio debilitado, mas sem fraturas aparentes ou sinais vis\u00edveis de viol\u00eancia.<\/strong> \u00a0<strong>Ap\u00f3s o resgate, a v\u00edtima foi levada ao Hospital S\u00e3o Pedro, onde permaneceu internada at\u00e9 falecer na quinta-feira (13), \u00e0s 15h. O relat\u00f3rio hospitalar indicou morte natural decorrente de condi\u00e7\u00f5es prec\u00e1rias de sa\u00fade.<\/strong><\/p>\n\n\n\n<p>Durante a investiga\u00e7\u00e3o, o delegado constatou que alguns pertences da casa, como roupas e o colch\u00e3o, foram queimados pela irm\u00e3, que justificou o ato dizendo que os itens estavam em estado deplor\u00e1vel. N\u00e3o foram encontrados ind\u00edcios de que a casa tenha sido revirada, apenas uma grande desorganiza\u00e7\u00e3o, e nenhum valor monet\u00e1rio foram localizados.<\/p>\n\n\n\n<figure class=\"wp-block-image size-full\"><img loading=\"lazy\" decoding=\"async\" width=\"900\" height=\"408\" src=\"https:\/\/radiostudiow.com.br\/site\/wp-content\/uploads\/2025\/01\/SITE-E-TV.png\" alt=\"\" class=\"wp-image-33052\" srcset=\"https:\/\/radiostudiow.com.br\/site\/wp-content\/uploads\/2025\/01\/SITE-E-TV.png 900w, https:\/\/radiostudiow.com.br\/site\/wp-content\/uploads\/2025\/01\/SITE-E-TV-300x136.png 300w, https:\/\/radiostudiow.com.br\/site\/wp-content\/uploads\/2025\/01\/SITE-E-TV-768x348.png 768w\" sizes=\"auto, (max-width: 900px) 100vw, 900px\" \/><\/figure>\n\n\n\n<p>A Pol\u00edcia Civil segue colhendo depoimentos e aguarda o laudo de necropsia para determinar as circunst\u00e2ncias exatas da morte e verificar a exist\u00eancia de les\u00f5es internas que possam indicar espancamento. <\/p>\n\n\n\n<p><strong>As autoridades solicitam que qualquer pessoa com informa\u00e7\u00f5es sobre o caso entre em contato com a 10\u00aa DRP de Mallet.<\/strong><\/p>\n","protected":false},"excerpt":{"rendered":"<p>Dr. Donizete de Arruda Gordiano, Delegado da 10\u00aa DRP (Delegacia Regional da Policia Civil de Mallet), aguarda o laudo do IML de Uni\u00e3o da Vit\u00f3ria sobre as circunst\u00e2ncias da morte ap\u00f3s familiares suspeitarem de assalto e espancamento na Col\u00f4nia Santa Cruz. A Pol\u00edcia Civil de Mallet investiga a morte de M\u00e1rio Pedro Poliszuk, de 55 [&hellip;]<\/p>\n","protected":false},"author":2,"featured_media":34392,"comment_status":"open","ping_status":"open","sticky":false,"template":"","format":"standard","meta":{"footnotes":""},"categories":[2],"tags":[172],"class_list":["post-34390","post","type-post","status-publish","format-standard","has-post-thumbnail","hentry","category-policial","tag-featured"],"amp_enabled":true,"_links":{"self":[{"href":"https:\/\/radiostudiow.com.br\/site\/wp-json\/wp\/v2\/posts\/34390","targetHints":{"allow":["GET"]}}],"collection":[{"href":"https:\/\/radiostudiow.com.br\/site\/wp-json\/wp\/v2\/posts"}],"about":[{"href":"https:\/\/radiostudiow.com.br\/site\/wp-json\/wp\/v2\/types\/post"}],"author":[{"embeddable":true,"href":"https:\/\/radiostudiow.com.br\/site\/wp-json\/wp\/v2\/users\/2"}],"replies":[{"embeddable":true,"href":"https:\/\/radiostudiow.com.br\/site\/wp-json\/wp\/v2\/comments?post=34390"}],"version-history":[{"count":2,"href":"https:\/\/radiostudiow.com.br\/site\/wp-json\/wp\/v2\/posts\/34390\/revisions"}],"predecessor-version":[{"id":34413,"href":"https:\/\/radiostudiow.com.br\/site\/wp-json\/wp\/v2\/posts\/34390\/revisions\/34413"}],"wp:featuredmedia":[{"embeddable":true,"href":"https:\/\/radiostudiow.com.br\/site\/wp-json\/wp\/v2\/media\/34392"}],"wp:attachment":[{"href":"https:\/\/radiostudiow.com.br\/site\/wp-json\/wp\/v2\/media?parent=34390"}],"wp:term":[{"taxonomy":"category","embeddable":true,"href":"https:\/\/radiostudiow.com.br\/site\/wp-json\/wp\/v2\/categories?post=34390"},{"taxonomy":"post_tag","embeddable":true,"href":"https:\/\/radiostudiow.com.br\/site\/wp-json\/wp\/v2\/tags?post=34390"}],"curies":[{"name":"wp","href":"https:\/\/api.w.org\/{rel}","templated":true}]}}