{"id":34406,"date":"2025-02-18T18:19:38","date_gmt":"2025-02-18T21:19:38","guid":{"rendered":"https:\/\/radiostudiow.com.br\/site\/?p=34406"},"modified":"2025-03-03T15:45:45","modified_gmt":"2025-03-03T18:45:45","slug":"radares-fixos-entram-em-operacao-em-rodovias-do-parana","status":"publish","type":"post","link":"https:\/\/radiostudiow.com.br\/site\/2025\/02\/18\/radares-fixos-entram-em-operacao-em-rodovias-do-parana\/","title":{"rendered":"Radares fixos entram em opera\u00e7\u00e3o em rodovias do Paran\u00e1"},"content":{"rendered":"\n<p>A partir do&nbsp;<strong>dia 27 deste m\u00eas<\/strong>, condutores que trafegam pelas rodovias do Lote 1, no Paran\u00e1, devem estar atentos aos limites de velocidade. Isso porque 24 radares fixos come\u00e7am a operar em trechos administrados pela Via Arauc\u00e1ria, passando por cidades como&nbsp;<em>Curitiba, Campo Largo, S\u00e3o Luiz do Purun\u00e3, Teixeira Soares, Irati, Imbituva, Prudent\u00f3polis, Arauc\u00e1ria e Lapa<\/em>.<\/p>\n\n\n\n<figure class=\"wp-block-image size-full\"><img loading=\"lazy\" decoding=\"async\" width=\"897\" height=\"204\" src=\"https:\/\/radiostudiow.com.br\/site\/wp-content\/uploads\/2025\/01\/SITE-GRANDE4.png\" alt=\"\" class=\"wp-image-32888\" srcset=\"https:\/\/radiostudiow.com.br\/site\/wp-content\/uploads\/2025\/01\/SITE-GRANDE4.png 897w, https:\/\/radiostudiow.com.br\/site\/wp-content\/uploads\/2025\/01\/SITE-GRANDE4-300x68.png 300w, https:\/\/radiostudiow.com.br\/site\/wp-content\/uploads\/2025\/01\/SITE-GRANDE4-768x175.png 768w\" sizes=\"auto, (max-width: 897px) 100vw, 897px\" \/><\/figure>\n\n\n\n<p>Os locais de instala\u00e7\u00e3o dos radares foram escolhidos com base em estudos t\u00e9cnicos que consideram fatores como n\u00famero de faixas, tra\u00e7ado da via e \u00edndice de sinistros, e contaram com o apoio da Pol\u00edcia Rodovi\u00e1ria Federal (PRF). A valida\u00e7\u00e3o das infra\u00e7\u00f5es, emiss\u00e3o de notifica\u00e7\u00f5es e autua\u00e7\u00f5es s\u00e3o atribui\u00e7\u00f5es exclusivas da Corpora\u00e7\u00e3o.<\/p>\n\n\n\n<p>A implanta\u00e7\u00e3o dos radares foi feita pela concession\u00e1ria, que tamb\u00e9m \u00e9 respons\u00e1vel pela manuten\u00e7\u00e3o dos equipamentos. A sinaliza\u00e7\u00e3o horizontal e vertical foi implantada de acordo com normas t\u00e9cnicas e manuais de engenharia vi\u00e1ria, com aprova\u00e7\u00e3o pr\u00e9via da Ag\u00eancia Nacional de Transportes Terrestres (ANTT).<\/p>\n\n\n\n<p>O valor arrecadado com multas \u00e9 destinado ao poder p\u00fablico. A medida visa aumentar a seguran\u00e7a nas rodovias e reduzir o n\u00famero de acidentes.<\/p>\n\n\n\n<figure class=\"wp-block-image size-full\"><img decoding=\"async\" src=\"https:\/\/radiostudiow.com.br\/site\/wp-content\/uploads\/2024\/12\/BISTRO-1.png\" alt=\"\" class=\"wp-image-31475\"\/><\/figure>\n\n\n\n<h2 class=\"wp-block-heading\"><em>Conhe\u00e7a os locais onde entram em opera\u00e7\u00e3o:<\/em><\/h2>\n\n\n\n<figure class=\"wp-block-table\"><table class=\"has-fixed-layout\"><tbody><tr><td><strong>BR<\/strong><\/td><td><strong>km<\/strong><\/td><td><strong>Munic\u00edpio<\/strong><\/td><td><strong>Sentido<\/strong><\/td><td><strong>Velocidade<\/strong><\/td><\/tr><tr><td>BR-277<\/td><td>3<\/td><td>Curitiba<\/td><td>Curitiba<\/td><td>80<\/td><\/tr><tr><td>BR-277<\/td><td>109<\/td><td>Campo Largo<\/td><td>Ponta Grossa<\/td><td>80<\/td><\/tr><tr><td>BR-277<\/td><td>111<\/td><td>Campo Largo<\/td><td>Curitiba<\/td><td>80<\/td><\/tr><tr><td>BR-277<\/td><td>117<\/td><td>Campo Largo<\/td><td>Ponta Grossa<\/td><td>80<\/td><\/tr><tr><td>BR-277<\/td><td>121<\/td><td>Campo Largo<\/td><td>Curitiba<\/td><td>60<\/td><\/tr><tr><td>BR-277<\/td><td>132<\/td><td>Balsa Nova<\/td><td>Curitiba<\/td><td>80<\/td><\/tr><tr><td>BR-277<\/td><td>133<\/td><td>Balsa Nova<\/td><td>Curitiba<\/td><td>80<\/td><\/tr><tr><td>BR-277<\/td><td>219<\/td><td>Teixeira Soares<\/td><td>Ambos sentidos<\/td><td>80<\/td><\/tr><tr><td>BR-277<\/td><td>229+420<\/td><td>Teixeira Soares<\/td><td>Ambos sentidos<\/td><td>60<\/td><\/tr><tr><td>BR-277<\/td><td>229+740<\/td><td>Teixeira Soares<\/td><td>Ambos sentidos<\/td><td>60<\/td><\/tr><tr><td>BR-277<\/td><td>248<\/td><td>Irati<\/td><td>Ambos sentidos<\/td><td>60<\/td><\/tr><tr><td>BR-277<\/td><td>249<\/td><td>Irati<\/td><td>Ambos sentidos<\/td><td>60<\/td><\/tr><tr><td>BR-373<\/td><td>228<\/td><td>Imbituva<\/td><td>Ambos sentidos<\/td><td>60<\/td><\/tr><tr><td>BR-373<\/td><td>268<\/td><td>Prudent\u00f3polis<\/td><td>Ambos sentidos<\/td><td>80<\/td><\/tr><tr><td>BR-373<\/td><td>271<\/td><td>Prudent\u00f3polis<\/td><td>Ambos sentidos<\/td><td>80<\/td><\/tr><tr><td>BR-476<\/td><td>144<\/td><td>Arauc\u00e1ria<\/td><td>Curitiba<\/td><td>80<\/td><\/tr><tr><td>BR-476<\/td><td>145<\/td><td>Arauc\u00e1ria<\/td><td>Ponta Grossa<\/td><td>80<\/td><\/tr><tr><td>BR-476<\/td><td>152+050<\/td><td>Arauc\u00e1ria<\/td><td>Ponta Grossa<\/td><td>60<\/td><\/tr><tr><td>BR-476<\/td><td>152+075<\/td><td>Arauc\u00e1ria<\/td><td>Curitiba<\/td><td>60<\/td><\/tr><tr><td>BR-476<\/td><td>159+250<\/td><td>Arauc\u00e1ria<\/td><td>Ambos sentidos<\/td><td>60<\/td><\/tr><tr><td>BR-476<\/td><td>159+380<\/td><td>Arauc\u00e1ria<\/td><td>Ambos sentidos<\/td><td>60<\/td><\/tr><tr><td>BR-476<\/td><td>160<\/td><td>Arauc\u00e1ria<\/td><td>Ambos sentidos<\/td><td>60<\/td><\/tr><tr><td>BR-476<\/td><td>160+250<\/td><td>Arauc\u00e1ria<\/td><td>Ambos sentidos<\/td><td>60<\/td><\/tr><tr><td>BR-476<\/td><td>195<\/td><td>Lapa<\/td><td>Ambos sentidos<\/td><td>60<\/td><\/tr><\/tbody><\/table><\/figure>\n","protected":false},"excerpt":{"rendered":"<p>A partir do&nbsp;dia 27 deste m\u00eas, condutores que trafegam pelas rodovias do Lote 1, no Paran\u00e1, devem estar atentos aos limites de velocidade. Isso porque 24 radares fixos come\u00e7am a operar em trechos administrados pela Via Arauc\u00e1ria, passando por cidades como&nbsp;Curitiba, Campo Largo, S\u00e3o Luiz do Purun\u00e3, Teixeira Soares, Irati, Imbituva, Prudent\u00f3polis, Arauc\u00e1ria e Lapa. [&hellip;]<\/p>\n","protected":false},"author":2,"featured_media":34407,"comment_status":"open","ping_status":"open","sticky":false,"template":"","format":"standard","meta":{"footnotes":""},"categories":[196,185],"tags":[172],"class_list":["post-34406","post","type-post","status-publish","format-standard","has-post-thumbnail","hentry","category-politica","category-regional","tag-featured"],"amp_enabled":true,"_links":{"self":[{"href":"https:\/\/radiostudiow.com.br\/site\/wp-json\/wp\/v2\/posts\/34406","targetHints":{"allow":["GET"]}}],"collection":[{"href":"https:\/\/radiostudiow.com.br\/site\/wp-json\/wp\/v2\/posts"}],"about":[{"href":"https:\/\/radiostudiow.com.br\/site\/wp-json\/wp\/v2\/types\/post"}],"author":[{"embeddable":true,"href":"https:\/\/radiostudiow.com.br\/site\/wp-json\/wp\/v2\/users\/2"}],"replies":[{"embeddable":true,"href":"https:\/\/radiostudiow.com.br\/site\/wp-json\/wp\/v2\/comments?post=34406"}],"version-history":[{"count":1,"href":"https:\/\/radiostudiow.com.br\/site\/wp-json\/wp\/v2\/posts\/34406\/revisions"}],"predecessor-version":[{"id":34408,"href":"https:\/\/radiostudiow.com.br\/site\/wp-json\/wp\/v2\/posts\/34406\/revisions\/34408"}],"wp:featuredmedia":[{"embeddable":true,"href":"https:\/\/radiostudiow.com.br\/site\/wp-json\/wp\/v2\/media\/34407"}],"wp:attachment":[{"href":"https:\/\/radiostudiow.com.br\/site\/wp-json\/wp\/v2\/media?parent=34406"}],"wp:term":[{"taxonomy":"category","embeddable":true,"href":"https:\/\/radiostudiow.com.br\/site\/wp-json\/wp\/v2\/categories?post=34406"},{"taxonomy":"post_tag","embeddable":true,"href":"https:\/\/radiostudiow.com.br\/site\/wp-json\/wp\/v2\/tags?post=34406"}],"curies":[{"name":"wp","href":"https:\/\/api.w.org\/{rel}","templated":true}]}}