{"id":3442,"date":"2021-08-30T10:51:49","date_gmt":"2021-08-30T13:51:49","guid":{"rendered":"https:\/\/radiostudiow.com.br\/site\/?p=3442"},"modified":"2025-01-31T15:12:30","modified_gmt":"2025-01-31T18:12:30","slug":"homem-aciona-pm-de-paula-freitas-apos-ameaca","status":"publish","type":"post","link":"https:\/\/radiostudiow.com.br\/site\/2021\/08\/30\/homem-aciona-pm-de-paula-freitas-apos-ameaca\/","title":{"rendered":"Homem aciona PM de Paula Freitas ap\u00f3s amea\u00e7a"},"content":{"rendered":"\n<p>Por volta das 16:15 horas desse s\u00e1bado, 28 de agosto, a equipe da Pol\u00edcia Militar de Paula Freitas foi acionada para se deslocar at\u00e9 a rodovia BR &#8211; 476, at\u00e9 o estacionamento de um posto de combust\u00edvel para averiguar uma situa\u00e7\u00e3o de amea\u00e7a na localidade de Rondinha.<\/p>\n\n\n\n<p>No local os policiais conversaram com o solicitante, o qual aparentemente com problemas mentais, relatou que alguns homens estavam atr\u00e1s dele para mat\u00e1-lo. N\u00e3o soube precisar quem seriam esses autores, pois n\u00e3o teria visto os mesmos.<\/p>\n\n\n\n<p>O solicitante relatou que mora em Alagoas e estaria indo para l\u00e1 novamente de carona com caminhoneiros. Ele estava em Uni\u00e3o da Vitoria para trabalhar como pedreiro mais seu empregador n\u00e3o cumpriu com a promessa de contrat\u00e1-lo. N\u00e3o sabia informar o nome nem o telefone desse cidad\u00e3o. <\/p>\n\n\n\n<p>O homem foi orientado quanto aos procedimentos cab\u00edveis e seguiu pela rodovia sentido Curitiba.<\/p>\n\n\n\n<figure class=\"wp-block-image size-full\"><img decoding=\"async\" src=\"https:\/\/radiostudiow.com.br\/site\/wp-content\/uploads\/2021\/08\/SICREDI.jpg\" alt=\"\" class=\"wp-image-3405\"\/><\/figure>\n","protected":false},"excerpt":{"rendered":"<p>Por volta das 16:15 horas desse s\u00e1bado, 28 de agosto, a equipe da Pol\u00edcia Militar de Paula Freitas foi acionada para se deslocar at\u00e9 a rodovia BR &#8211; 476, at\u00e9 o estacionamento de um posto de combust\u00edvel para averiguar uma situa\u00e7\u00e3o de amea\u00e7a na localidade de Rondinha. No local os policiais conversaram com o solicitante, [&hellip;]<\/p>\n","protected":false},"author":2,"featured_media":0,"comment_status":"open","ping_status":"open","sticky":false,"template":"","format":"standard","meta":{"footnotes":""},"categories":[2],"tags":[172],"class_list":["post-3442","post","type-post","status-publish","format-standard","hentry","category-policial","tag-featured"],"amp_enabled":true,"_links":{"self":[{"href":"https:\/\/radiostudiow.com.br\/site\/wp-json\/wp\/v2\/posts\/3442","targetHints":{"allow":["GET"]}}],"collection":[{"href":"https:\/\/radiostudiow.com.br\/site\/wp-json\/wp\/v2\/posts"}],"about":[{"href":"https:\/\/radiostudiow.com.br\/site\/wp-json\/wp\/v2\/types\/post"}],"author":[{"embeddable":true,"href":"https:\/\/radiostudiow.com.br\/site\/wp-json\/wp\/v2\/users\/2"}],"replies":[{"embeddable":true,"href":"https:\/\/radiostudiow.com.br\/site\/wp-json\/wp\/v2\/comments?post=3442"}],"version-history":[{"count":2,"href":"https:\/\/radiostudiow.com.br\/site\/wp-json\/wp\/v2\/posts\/3442\/revisions"}],"predecessor-version":[{"id":3447,"href":"https:\/\/radiostudiow.com.br\/site\/wp-json\/wp\/v2\/posts\/3442\/revisions\/3447"}],"wp:attachment":[{"href":"https:\/\/radiostudiow.com.br\/site\/wp-json\/wp\/v2\/media?parent=3442"}],"wp:term":[{"taxonomy":"category","embeddable":true,"href":"https:\/\/radiostudiow.com.br\/site\/wp-json\/wp\/v2\/categories?post=3442"},{"taxonomy":"post_tag","embeddable":true,"href":"https:\/\/radiostudiow.com.br\/site\/wp-json\/wp\/v2\/tags?post=3442"}],"curies":[{"name":"wp","href":"https:\/\/api.w.org\/{rel}","templated":true}]}}