{"id":34425,"date":"2025-02-19T10:03:25","date_gmt":"2025-02-19T13:03:25","guid":{"rendered":"https:\/\/radiostudiow.com.br\/site\/?p=34425"},"modified":"2025-02-19T10:07:26","modified_gmt":"2025-02-19T13:07:26","slug":"morre-no-hospital-vitima-de-disparo-de-arma-de-fogo-em-porto-uniao","status":"publish","type":"post","link":"https:\/\/radiostudiow.com.br\/site\/2025\/02\/19\/morre-no-hospital-vitima-de-disparo-de-arma-de-fogo-em-porto-uniao\/","title":{"rendered":"Morre no hospital v\u00edtima de disparo de arma de fogo em Porto Uni\u00e3o"},"content":{"rendered":"\n<p>Motorista que foi baleado na cabe\u00e7a na madrugada do \u00faltimo s\u00e1bado (15), na sa\u00edda de um clube no centro de Porto Uni\u00e3o morreu por volta das 23h30min dessa ter\u00e7a-feira (18).<\/p>\n\n\n\n<p><strong>A v\u00edtima identificada como Alisson Kau\u00ea Hacker de 20 anos.<\/strong><\/p>\n\n\n\n<figure class=\"wp-block-image size-full\"><img loading=\"lazy\" decoding=\"async\" width=\"598\" height=\"204\" src=\"https:\/\/radiostudiow.com.br\/site\/wp-content\/uploads\/2025\/01\/SITE-MEDIO7.png\" alt=\"\" class=\"wp-image-32801\" srcset=\"https:\/\/radiostudiow.com.br\/site\/wp-content\/uploads\/2025\/01\/SITE-MEDIO7.png 598w, https:\/\/radiostudiow.com.br\/site\/wp-content\/uploads\/2025\/01\/SITE-MEDIO7-300x102.png 300w\" sizes=\"auto, (max-width: 598px) 100vw, 598px\" \/><\/figure>\n\n\n\n<p>O rapaz foi socorrido em estado grave, e inconsciente. Ele foi levado inicialmente ao Hospital S\u00e3o Braz\/Regional e devido a gravidade foi transferido ainda no final de semana para Mafra.<\/p>\n\n\n\n<p>Alisson morava em Blumenau e estava \u00e0 passeio em Porto Uni\u00e3o.&nbsp;Ele era casado e tinha uma filha de 1 ano e 5 meses. Seu corpo ser\u00e1 transladado e sepultado em Blumenau.<\/p>\n\n\n\n<p><em><strong>O crime<\/strong><\/em><\/p>\n\n\n\n<p><em>Alisson estava em um clube no centro de Porto Uni\u00e3o na madrugada de s\u00e1bado, dia 15 de fevereiro. Ele se envolveu em uma confus\u00e3o e estava indo para casa, quando j\u00e1 em seu carro, por volta da 03h15, foi surpreendido por um homem armado que atirou contra sua cabe\u00e7a.&nbsp;A v\u00edtima foi socorrida em estado grave. A Pol\u00edcia investiga o caso.<\/em><\/p>\n\n\n\n<figure class=\"wp-block-image size-full\"><img loading=\"lazy\" decoding=\"async\" width=\"598\" height=\"204\" src=\"https:\/\/radiostudiow.com.br\/site\/wp-content\/uploads\/2025\/01\/SITE-MEDIO.png\" alt=\"\" class=\"wp-image-32810\" srcset=\"https:\/\/radiostudiow.com.br\/site\/wp-content\/uploads\/2025\/01\/SITE-MEDIO.png 598w, https:\/\/radiostudiow.com.br\/site\/wp-content\/uploads\/2025\/01\/SITE-MEDIO-300x102.png 300w\" sizes=\"auto, (max-width: 598px) 100vw, 598px\" \/><\/figure>\n\n\n\n<figure class=\"wp-block-embed is-type-wp-embed is-provider-studio-w wp-block-embed-studio-w\"><div class=\"wp-block-embed__wrapper\">\n<blockquote class=\"wp-embedded-content\" data-secret=\"vhNJf2MpZh\"><a href=\"https:\/\/radiostudiow.com.br\/site\/2025\/02\/15\/motorista-e-baleado-em-porto-uniao\/\">Motorista \u00e9 baleado em Porto Uni\u00e3o<\/a><\/blockquote><iframe loading=\"lazy\" class=\"wp-embedded-content\" sandbox=\"allow-scripts\" security=\"restricted\" style=\"position: absolute; visibility: hidden;\" title=\"&#8220;Motorista \u00e9 baleado em Porto Uni\u00e3o&#8221; &#8212; Studio W\" src=\"https:\/\/radiostudiow.com.br\/site\/2025\/02\/15\/motorista-e-baleado-em-porto-uniao\/embed\/#?secret=Yq21QC12Jz#?secret=vhNJf2MpZh\" data-secret=\"vhNJf2MpZh\" width=\"600\" height=\"338\" frameborder=\"0\" marginwidth=\"0\" marginheight=\"0\" scrolling=\"no\"><\/iframe>\n<\/div><\/figure>\n\n\n\n<p><strong><em>Fonte\/imagens: V.Vale<\/em><\/strong><\/p>\n","protected":false},"excerpt":{"rendered":"<p>Motorista que foi baleado na cabe\u00e7a na madrugada do \u00faltimo s\u00e1bado (15), na sa\u00edda de um clube no centro de Porto Uni\u00e3o morreu por volta das 23h30min dessa ter\u00e7a-feira (18). A v\u00edtima identificada como Alisson Kau\u00ea Hacker de 20 anos. O rapaz foi socorrido em estado grave, e inconsciente. Ele foi levado inicialmente ao Hospital [&hellip;]<\/p>\n","protected":false},"author":2,"featured_media":34426,"comment_status":"open","ping_status":"open","sticky":false,"template":"","format":"standard","meta":{"footnotes":""},"categories":[2],"tags":[172],"class_list":["post-34425","post","type-post","status-publish","format-standard","has-post-thumbnail","hentry","category-policial","tag-featured"],"amp_enabled":true,"_links":{"self":[{"href":"https:\/\/radiostudiow.com.br\/site\/wp-json\/wp\/v2\/posts\/34425","targetHints":{"allow":["GET"]}}],"collection":[{"href":"https:\/\/radiostudiow.com.br\/site\/wp-json\/wp\/v2\/posts"}],"about":[{"href":"https:\/\/radiostudiow.com.br\/site\/wp-json\/wp\/v2\/types\/post"}],"author":[{"embeddable":true,"href":"https:\/\/radiostudiow.com.br\/site\/wp-json\/wp\/v2\/users\/2"}],"replies":[{"embeddable":true,"href":"https:\/\/radiostudiow.com.br\/site\/wp-json\/wp\/v2\/comments?post=34425"}],"version-history":[{"count":2,"href":"https:\/\/radiostudiow.com.br\/site\/wp-json\/wp\/v2\/posts\/34425\/revisions"}],"predecessor-version":[{"id":34433,"href":"https:\/\/radiostudiow.com.br\/site\/wp-json\/wp\/v2\/posts\/34425\/revisions\/34433"}],"wp:featuredmedia":[{"embeddable":true,"href":"https:\/\/radiostudiow.com.br\/site\/wp-json\/wp\/v2\/media\/34426"}],"wp:attachment":[{"href":"https:\/\/radiostudiow.com.br\/site\/wp-json\/wp\/v2\/media?parent=34425"}],"wp:term":[{"taxonomy":"category","embeddable":true,"href":"https:\/\/radiostudiow.com.br\/site\/wp-json\/wp\/v2\/categories?post=34425"},{"taxonomy":"post_tag","embeddable":true,"href":"https:\/\/radiostudiow.com.br\/site\/wp-json\/wp\/v2\/tags?post=34425"}],"curies":[{"name":"wp","href":"https:\/\/api.w.org\/{rel}","templated":true}]}}