{"id":34429,"date":"2025-02-19T10:06:59","date_gmt":"2025-02-19T13:06:59","guid":{"rendered":"https:\/\/radiostudiow.com.br\/site\/?p=34429"},"modified":"2025-02-19T10:06:59","modified_gmt":"2025-02-19T13:06:59","slug":"video-padaria-e-assaltada-em-uniao-da-vitoria","status":"publish","type":"post","link":"https:\/\/radiostudiow.com.br\/site\/2025\/02\/19\/video-padaria-e-assaltada-em-uniao-da-vitoria\/","title":{"rendered":"V\u00cdDEO: Padaria \u00e9 assaltada em Uni\u00e3o da Vit\u00f3ria"},"content":{"rendered":"\n<p>Uma padaria localizada na Rua Wilson Alves, no bairro S\u00e3o Braz em Uni\u00e3o da Vit\u00f3ria, foi alvo de um assalto na noite desta ter\u00e7a-feira (18).<\/p>\n\n\n\n<p>Dois indiv\u00edduos chegaram ao local em uma motocicleta Honda\/Biz de cor preta. Segundo testemunhas, um dos suspeitos aparentava ser menor de idade.<\/p>\n\n\n\n<figure class=\"wp-block-image size-full\"><img loading=\"lazy\" decoding=\"async\" width=\"897\" height=\"204\" src=\"https:\/\/radiostudiow.com.br\/site\/wp-content\/uploads\/2025\/01\/SITE-GRANDE5.png\" alt=\"\" class=\"wp-image-32814\" srcset=\"https:\/\/radiostudiow.com.br\/site\/wp-content\/uploads\/2025\/01\/SITE-GRANDE5.png 897w, https:\/\/radiostudiow.com.br\/site\/wp-content\/uploads\/2025\/01\/SITE-GRANDE5-300x68.png 300w, https:\/\/radiostudiow.com.br\/site\/wp-content\/uploads\/2025\/01\/SITE-GRANDE5-768x175.png 768w\" sizes=\"auto, (max-width: 897px) 100vw, 897px\" \/><\/figure>\n\n\n\n<p>Enquanto um dos criminosos aguardava do lado de fora, o outro entrou no estabelecimento usando um capacete e, armado com uma faca, amea\u00e7ou a atendente antes de anunciar o assalto.\u00a0Toda a a\u00e7\u00e3o foi registrada pelas c\u00e2meras de seguran\u00e7a da padaria.<\/p>\n\n\n\n<p>A Pol\u00edcia Militar j\u00e1 foi acionada. At\u00e9 o momento, n\u00e3o h\u00e1 informa\u00e7\u00f5es sobre a identifica\u00e7\u00e3o ou localiza\u00e7\u00e3o dos suspeitos.<\/p>\n\n\n\n<figure class=\"wp-block-video\"><video height=\"478\" style=\"aspect-ratio: 848 \/ 478;\" width=\"848\" controls src=\"https:\/\/radiostudiow.com.br\/site\/wp-content\/uploads\/2025\/02\/WhatsApp-Video-2025-02-18-at-20.53.56-1.mp4\"><\/video><\/figure>\n\n\n\n<p><a href=\"mailto:?subject=V%C3%8DDEO:%20Padaria%20%C3%A9%20assaltada%20no%20bairro%20S%C3%A3o%20Braz%20em%20Uni%C3%A3o%20da%20Vit%C3%B3ria&amp;body=https:\/\/www.vvale.com.br\/seguranca\/video-padaria-e-assaltada-no-bairro-sao-braz-em-uniao-da-vitoria\/\" target=\"_blank\" rel=\"noreferrer noopener\"><\/a><\/p>\n\n\n\n<p><strong><em>Fonte\/imagens: V.Vale<\/em><\/strong><\/p>\n","protected":false},"excerpt":{"rendered":"<p>Uma padaria localizada na Rua Wilson Alves, no bairro S\u00e3o Braz em Uni\u00e3o da Vit\u00f3ria, foi alvo de um assalto na noite desta ter\u00e7a-feira (18). Dois indiv\u00edduos chegaram ao local em uma motocicleta Honda\/Biz de cor preta. Segundo testemunhas, um dos suspeitos aparentava ser menor de idade. Enquanto um dos criminosos aguardava do lado de [&hellip;]<\/p>\n","protected":false},"author":2,"featured_media":34430,"comment_status":"open","ping_status":"open","sticky":false,"template":"","format":"standard","meta":{"footnotes":""},"categories":[2],"tags":[172],"class_list":["post-34429","post","type-post","status-publish","format-standard","has-post-thumbnail","hentry","category-policial","tag-featured"],"amp_enabled":true,"_links":{"self":[{"href":"https:\/\/radiostudiow.com.br\/site\/wp-json\/wp\/v2\/posts\/34429","targetHints":{"allow":["GET"]}}],"collection":[{"href":"https:\/\/radiostudiow.com.br\/site\/wp-json\/wp\/v2\/posts"}],"about":[{"href":"https:\/\/radiostudiow.com.br\/site\/wp-json\/wp\/v2\/types\/post"}],"author":[{"embeddable":true,"href":"https:\/\/radiostudiow.com.br\/site\/wp-json\/wp\/v2\/users\/2"}],"replies":[{"embeddable":true,"href":"https:\/\/radiostudiow.com.br\/site\/wp-json\/wp\/v2\/comments?post=34429"}],"version-history":[{"count":1,"href":"https:\/\/radiostudiow.com.br\/site\/wp-json\/wp\/v2\/posts\/34429\/revisions"}],"predecessor-version":[{"id":34432,"href":"https:\/\/radiostudiow.com.br\/site\/wp-json\/wp\/v2\/posts\/34429\/revisions\/34432"}],"wp:featuredmedia":[{"embeddable":true,"href":"https:\/\/radiostudiow.com.br\/site\/wp-json\/wp\/v2\/media\/34430"}],"wp:attachment":[{"href":"https:\/\/radiostudiow.com.br\/site\/wp-json\/wp\/v2\/media?parent=34429"}],"wp:term":[{"taxonomy":"category","embeddable":true,"href":"https:\/\/radiostudiow.com.br\/site\/wp-json\/wp\/v2\/categories?post=34429"},{"taxonomy":"post_tag","embeddable":true,"href":"https:\/\/radiostudiow.com.br\/site\/wp-json\/wp\/v2\/tags?post=34429"}],"curies":[{"name":"wp","href":"https:\/\/api.w.org\/{rel}","templated":true}]}}