{"id":34438,"date":"2025-02-19T19:00:24","date_gmt":"2025-02-19T22:00:24","guid":{"rendered":"https:\/\/radiostudiow.com.br\/site\/?p=34438"},"modified":"2025-02-19T19:00:24","modified_gmt":"2025-02-19T22:00:24","slug":"pcpr-divulga-imagens-de-suspeitos-de-roubo-em-sao-mateus-do-sul-e-confronto-em-ponta-grossa","status":"publish","type":"post","link":"https:\/\/radiostudiow.com.br\/site\/2025\/02\/19\/pcpr-divulga-imagens-de-suspeitos-de-roubo-em-sao-mateus-do-sul-e-confronto-em-ponta-grossa\/","title":{"rendered":"PCPR divulga imagens de suspeitos de roubo em S\u00e3o Mateus do Sul e confronto em Ponta Grossa"},"content":{"rendered":"\n<p>A Pol\u00edcia Civil do Paran\u00e1 (PCPR) divulgou, nesta ter\u00e7a-feira (18), imagens de dois homens, de 27 e 37 anos, suspeitos de um roubo e confronto armado ocorrido no dia 20 de janeiro deste ano, em Ponta Grossa, na Regi\u00e3o dos Campos Gerais.<\/p>\n\n\n\n<figure class=\"wp-block-image size-full\"><img loading=\"lazy\" decoding=\"async\" width=\"897\" height=\"204\" src=\"https:\/\/radiostudiow.com.br\/site\/wp-content\/uploads\/2025\/02\/SITE-GRANDE7.png\" alt=\"\" class=\"wp-image-33861\" srcset=\"https:\/\/radiostudiow.com.br\/site\/wp-content\/uploads\/2025\/02\/SITE-GRANDE7.png 897w, https:\/\/radiostudiow.com.br\/site\/wp-content\/uploads\/2025\/02\/SITE-GRANDE7-300x68.png 300w, https:\/\/radiostudiow.com.br\/site\/wp-content\/uploads\/2025\/02\/SITE-GRANDE7-768x175.png 768w\" sizes=\"auto, (max-width: 897px) 100vw, 897px\" \/><\/figure>\n\n\n\n<p>A investiga\u00e7\u00e3o apurou que tr\u00eas indiv\u00edduos,&nbsp;utilizando um ve\u00edculo roubado em S\u00e3o Mateus do Sul,&nbsp;retornavam \u00e0 cidade de Ponta Grossa quando foram interceptados por equipes da Pol\u00edcia Militar. Durante a abordagem, os suspeitos dispararam contra os policiais e fugiram em alta velocidade pela contram\u00e3o da rodovia BR-376, colocando outros motoristas em risco.<\/p>\n\n\n\n<p>De acordo com o delegado da PCPR Derick Moura, ap\u00f3s cerca de 10 quil\u00f4metros de fuga, o grupo colidiu contra uma prote\u00e7\u00e3o na pista e disparou novamente contra as equipes. Durante o confronto, Alisson Carvalho, de 25 anos, foi morto, enquanto os outros dois suspeitos conseguiram fugir. No ve\u00edculo, uma adolescente foi apreendida, sendo que sua responsabilidade est\u00e1 sendo apurada.<\/p>\n\n\n\n<figure class=\"wp-block-image size-full\"><img decoding=\"async\" src=\"https:\/\/radiostudiow.com.br\/site\/wp-content\/uploads\/2025\/02\/SITE-E-TV.png\" alt=\"\" class=\"wp-image-33896\"\/><\/figure>\n\n\n\n<p>\u201cAs investiga\u00e7\u00f5es revelaram que o grupo havia partido de Ponta Grossa com dois ve\u00edculos roubados, com destino a Curitiba, onde entregariam um dos carros a outros membros de uma organiza\u00e7\u00e3o criminosa especializada em recepta\u00e7\u00e3o e adultera\u00e7\u00e3o de ve\u00edculos\u201d, explica.&nbsp;<\/p>\n\n\n\n<p>Os suspeitos possuem hist\u00f3rico criminal e est\u00e3o foragidos. A Justi\u00e7a j\u00e1 expediu pedidos de pris\u00e3o preventiva, mas os investigados ainda n\u00e3o foram localizados.&nbsp;<\/p>\n\n\n\n<figure class=\"wp-block-image size-full\"><img loading=\"lazy\" decoding=\"async\" width=\"897\" height=\"204\" src=\"https:\/\/radiostudiow.com.br\/site\/wp-content\/uploads\/2025\/01\/SITE-GRANDE5.png\" alt=\"\" class=\"wp-image-32814\" srcset=\"https:\/\/radiostudiow.com.br\/site\/wp-content\/uploads\/2025\/01\/SITE-GRANDE5.png 897w, https:\/\/radiostudiow.com.br\/site\/wp-content\/uploads\/2025\/01\/SITE-GRANDE5-300x68.png 300w, https:\/\/radiostudiow.com.br\/site\/wp-content\/uploads\/2025\/01\/SITE-GRANDE5-768x175.png 768w\" sizes=\"auto, (max-width: 897px) 100vw, 897px\" \/><\/figure>\n\n\n\n<p><em><strong>DEN\u00daNCIAS \u2013 A PCPR solicita o apoio da popula\u00e7\u00e3o para fornecer informa\u00e7\u00f5es que possam levar \u00e0 pris\u00e3o dos suspeitos. Den\u00fancias podem ser feitas de forma an\u00f4nima pelo 197 da PCPR, 181 do Disque-Den\u00fancias ou (42) 3219-2766 diretamente \u00e0 equipe de investiga\u00e7\u00e3o.<\/strong><\/em><\/p>\n","protected":false},"excerpt":{"rendered":"<p>A Pol\u00edcia Civil do Paran\u00e1 (PCPR) divulgou, nesta ter\u00e7a-feira (18), imagens de dois homens, de 27 e 37 anos, suspeitos de um roubo e confronto armado ocorrido no dia 20 de janeiro deste ano, em Ponta Grossa, na Regi\u00e3o dos Campos Gerais. A investiga\u00e7\u00e3o apurou que tr\u00eas indiv\u00edduos,&nbsp;utilizando um ve\u00edculo roubado em S\u00e3o Mateus do [&hellip;]<\/p>\n","protected":false},"author":2,"featured_media":34454,"comment_status":"open","ping_status":"open","sticky":false,"template":"","format":"standard","meta":{"footnotes":""},"categories":[2],"tags":[172],"class_list":["post-34438","post","type-post","status-publish","format-standard","has-post-thumbnail","hentry","category-policial","tag-featured"],"amp_enabled":true,"_links":{"self":[{"href":"https:\/\/radiostudiow.com.br\/site\/wp-json\/wp\/v2\/posts\/34438","targetHints":{"allow":["GET"]}}],"collection":[{"href":"https:\/\/radiostudiow.com.br\/site\/wp-json\/wp\/v2\/posts"}],"about":[{"href":"https:\/\/radiostudiow.com.br\/site\/wp-json\/wp\/v2\/types\/post"}],"author":[{"embeddable":true,"href":"https:\/\/radiostudiow.com.br\/site\/wp-json\/wp\/v2\/users\/2"}],"replies":[{"embeddable":true,"href":"https:\/\/radiostudiow.com.br\/site\/wp-json\/wp\/v2\/comments?post=34438"}],"version-history":[{"count":2,"href":"https:\/\/radiostudiow.com.br\/site\/wp-json\/wp\/v2\/posts\/34438\/revisions"}],"predecessor-version":[{"id":34455,"href":"https:\/\/radiostudiow.com.br\/site\/wp-json\/wp\/v2\/posts\/34438\/revisions\/34455"}],"wp:featuredmedia":[{"embeddable":true,"href":"https:\/\/radiostudiow.com.br\/site\/wp-json\/wp\/v2\/media\/34454"}],"wp:attachment":[{"href":"https:\/\/radiostudiow.com.br\/site\/wp-json\/wp\/v2\/media?parent=34438"}],"wp:term":[{"taxonomy":"category","embeddable":true,"href":"https:\/\/radiostudiow.com.br\/site\/wp-json\/wp\/v2\/categories?post=34438"},{"taxonomy":"post_tag","embeddable":true,"href":"https:\/\/radiostudiow.com.br\/site\/wp-json\/wp\/v2\/tags?post=34438"}],"curies":[{"name":"wp","href":"https:\/\/api.w.org\/{rel}","templated":true}]}}