{"id":34447,"date":"2025-02-19T18:26:15","date_gmt":"2025-02-19T21:26:15","guid":{"rendered":"https:\/\/radiostudiow.com.br\/site\/?p=34447"},"modified":"2025-02-19T19:05:20","modified_gmt":"2025-02-19T22:05:20","slug":"acidente-entre-van-e-bitrem-em-lapa-deixa-uma-vitima-fatal","status":"publish","type":"post","link":"https:\/\/radiostudiow.com.br\/site\/2025\/02\/19\/acidente-entre-van-e-bitrem-em-lapa-deixa-uma-vitima-fatal\/","title":{"rendered":"Acidente entre van e Bitrem em Lapa deixa uma v\u00edtima fatal"},"content":{"rendered":"\n<p>Na tarde desta ter\u00e7a-feira (18), um grave acidente de colis\u00e3o frontal de uma Van e Bitrem foi registrado no km 54 da PR-427, no trecho entre Lapa e Porto Amazonas.<\/p>\n\n\n\n<p>Equipes do Corpo de Bombeiros e do servi\u00e7o de ped\u00e1gio da Lapa foram acionadas para atender \u00e0 ocorr\u00eancia. Ao chegarem ao local, constataram que o condutor de uma van de carga j\u00e1 estava em \u00f3bito.<\/p>\n\n\n\n<figure class=\"wp-block-image size-full\"><img loading=\"lazy\" decoding=\"async\" width=\"598\" height=\"204\" src=\"https:\/\/radiostudiow.com.br\/site\/wp-content\/uploads\/2025\/01\/SITE-MEDIO3.png\" alt=\"\" class=\"wp-image-32815\" srcset=\"https:\/\/radiostudiow.com.br\/site\/wp-content\/uploads\/2025\/01\/SITE-MEDIO3.png 598w, https:\/\/radiostudiow.com.br\/site\/wp-content\/uploads\/2025\/01\/SITE-MEDIO3-300x102.png 300w\" sizes=\"auto, (max-width: 598px) 100vw, 598px\" \/><\/figure>\n\n\n\n<p>A Pol\u00edcia Rodovi\u00e1ria Estadual foi acionada para atender \u00e0 ocorr\u00eancia e investigar as poss\u00edveis causas do acidente. O Instituto M\u00e9dico Legal (IML) de Curitiba e o Instituto de Criminal\u00edstica tamb\u00e9m foram chamados para realizar a per\u00edcia e recolher o corpo da v\u00edtima.<\/p>\n\n\n\n<p>As circunst\u00e2ncias do acidente ainda est\u00e3o sendo apuradas pelas autoridades.<\/p>\n\n\n\n<figure class=\"wp-block-image size-full\"><img loading=\"lazy\" decoding=\"async\" width=\"720\" height=\"408\" src=\"https:\/\/radiostudiow.com.br\/site\/wp-content\/uploads\/2025\/02\/image-88.png\" alt=\"\" class=\"wp-image-34449\" srcset=\"https:\/\/radiostudiow.com.br\/site\/wp-content\/uploads\/2025\/02\/image-88.png 720w, https:\/\/radiostudiow.com.br\/site\/wp-content\/uploads\/2025\/02\/image-88-300x170.png 300w\" sizes=\"auto, (max-width: 720px) 100vw, 720px\" \/><\/figure>\n","protected":false},"excerpt":{"rendered":"<p>Na tarde desta ter\u00e7a-feira (18), um grave acidente de colis\u00e3o frontal de uma Van e Bitrem foi registrado no km 54 da PR-427, no trecho entre Lapa e Porto Amazonas. Equipes do Corpo de Bombeiros e do servi\u00e7o de ped\u00e1gio da Lapa foram acionadas para atender \u00e0 ocorr\u00eancia. Ao chegarem ao local, constataram que o [&hellip;]<\/p>\n","protected":false},"author":2,"featured_media":34448,"comment_status":"open","ping_status":"open","sticky":false,"template":"","format":"standard","meta":{"footnotes":""},"categories":[185],"tags":[172],"class_list":["post-34447","post","type-post","status-publish","format-standard","has-post-thumbnail","hentry","category-regional","tag-featured"],"amp_enabled":true,"_links":{"self":[{"href":"https:\/\/radiostudiow.com.br\/site\/wp-json\/wp\/v2\/posts\/34447","targetHints":{"allow":["GET"]}}],"collection":[{"href":"https:\/\/radiostudiow.com.br\/site\/wp-json\/wp\/v2\/posts"}],"about":[{"href":"https:\/\/radiostudiow.com.br\/site\/wp-json\/wp\/v2\/types\/post"}],"author":[{"embeddable":true,"href":"https:\/\/radiostudiow.com.br\/site\/wp-json\/wp\/v2\/users\/2"}],"replies":[{"embeddable":true,"href":"https:\/\/radiostudiow.com.br\/site\/wp-json\/wp\/v2\/comments?post=34447"}],"version-history":[{"count":3,"href":"https:\/\/radiostudiow.com.br\/site\/wp-json\/wp\/v2\/posts\/34447\/revisions"}],"predecessor-version":[{"id":34459,"href":"https:\/\/radiostudiow.com.br\/site\/wp-json\/wp\/v2\/posts\/34447\/revisions\/34459"}],"wp:featuredmedia":[{"embeddable":true,"href":"https:\/\/radiostudiow.com.br\/site\/wp-json\/wp\/v2\/media\/34448"}],"wp:attachment":[{"href":"https:\/\/radiostudiow.com.br\/site\/wp-json\/wp\/v2\/media?parent=34447"}],"wp:term":[{"taxonomy":"category","embeddable":true,"href":"https:\/\/radiostudiow.com.br\/site\/wp-json\/wp\/v2\/categories?post=34447"},{"taxonomy":"post_tag","embeddable":true,"href":"https:\/\/radiostudiow.com.br\/site\/wp-json\/wp\/v2\/tags?post=34447"}],"curies":[{"name":"wp","href":"https:\/\/api.w.org\/{rel}","templated":true}]}}