{"id":34469,"date":"2025-02-20T10:24:53","date_gmt":"2025-02-20T13:24:53","guid":{"rendered":"https:\/\/radiostudiow.com.br\/site\/?p=34469"},"modified":"2025-02-20T10:24:54","modified_gmt":"2025-02-20T13:24:54","slug":"mulher-de-sao-mateus-do-sul-morre-em-confronto-com-a-pm-em-jaragua-do-sul","status":"publish","type":"post","link":"https:\/\/radiostudiow.com.br\/site\/2025\/02\/20\/mulher-de-sao-mateus-do-sul-morre-em-confronto-com-a-pm-em-jaragua-do-sul\/","title":{"rendered":"Mulher de S\u00e3o Mateus do Sul morre em confronto com a PM em Jaragu\u00e1 do Sul"},"content":{"rendered":"\n<p>Claudete Krulikowski, de 45 anos, natural de S\u00e3o Mateus do Sul (PR), morreu ap\u00f3s ser baleada durante confronto com a Pol\u00edcia Militar (PM) na noite de ter\u00e7a-feira (18) em um condom\u00ednio de quitinetes em Jaragu\u00e1 do Sul \u2013 SC.<\/p>\n\n\n\n<p>De acordo com a PM, moradores acionaram a corpora\u00e7\u00e3o informando que Claudete estava transtornada e amea\u00e7ando vizinhos com uma faca. No local, a s\u00edndica confirmou o comportamento agressivo.<\/p>\n\n\n\n<figure class=\"wp-block-image size-full\"><img loading=\"lazy\" decoding=\"async\" width=\"897\" height=\"204\" src=\"https:\/\/radiostudiow.com.br\/site\/wp-content\/uploads\/2025\/01\/SITE-GRANDE2.png\" alt=\"\" class=\"wp-image-32805\" srcset=\"https:\/\/radiostudiow.com.br\/site\/wp-content\/uploads\/2025\/01\/SITE-GRANDE2.png 897w, https:\/\/radiostudiow.com.br\/site\/wp-content\/uploads\/2025\/01\/SITE-GRANDE2-300x68.png 300w, https:\/\/radiostudiow.com.br\/site\/wp-content\/uploads\/2025\/01\/SITE-GRANDE2-768x175.png 768w\" sizes=\"auto, (max-width: 897px) 100vw, 897px\" \/><\/figure>\n\n\n\n<p>Os policiais planejaram dialogar, mas Claudete reagiu de forma hostil.<\/p>\n\n\n\n<p>Inicialmente, os agentes usaram spray de pimenta para cont\u00ea-la, sem sucesso. Ela ent\u00e3o correu para dentro do seu apartamento, onde pegou duas facas e passou a amea\u00e7ar os policiais.<\/p>\n\n\n\n<p>Os policiais procuraram isol\u00e1-la para evitar riscos a demais moradores. No entanto, Claudete ficou ainda mais agitada e come\u00e7ou a golpear a porta com as facas. Enquanto a PM aguardava refor\u00e7o e apoio m\u00e9dico, ela cortejou uma vidra\u00e7a e tentou sair do im\u00f3vel com as armas em m\u00e3os.<\/p>\n\n\n\n<p>Conforme o relato da pol\u00edcia, os agentes insistiram para que a mulher soltasse as facas, mas ela se decidiu e chegou a atirar uma das armas em dire\u00e7\u00e3o a um policial. Diante da amea\u00e7a iminente, um dos agentes efetuou um disparo, que atingiu o bra\u00e7o da mulher e atingiu o t\u00f3rax.<\/p>\n\n\n\n<figure class=\"wp-block-image size-full\"><img loading=\"lazy\" decoding=\"async\" width=\"897\" height=\"204\" src=\"https:\/\/radiostudiow.com.br\/site\/wp-content\/uploads\/2025\/01\/SITE-GRANDE5.png\" alt=\"\" class=\"wp-image-32814\" srcset=\"https:\/\/radiostudiow.com.br\/site\/wp-content\/uploads\/2025\/01\/SITE-GRANDE5.png 897w, https:\/\/radiostudiow.com.br\/site\/wp-content\/uploads\/2025\/01\/SITE-GRANDE5-300x68.png 300w, https:\/\/radiostudiow.com.br\/site\/wp-content\/uploads\/2025\/01\/SITE-GRANDE5-768x175.png 768w\" sizes=\"auto, (max-width: 897px) 100vw, 897px\" \/><\/figure>\n\n\n\n<p>Os policiais prestaram os primeiros socorros at\u00e9 a chegada do Servi\u00e7o de Atendimento M\u00f3vel de Urg\u00eancia (Samu), que encaminharam uma mulher ao hospital, onde ela n\u00e3o resistiu aos ferimentos.<br>O IGP (Instituto Geral de Per\u00edcias) e a Pol\u00edcia Civil foram acionados para investigar o caso e tomar as provid\u00eancias legais.<\/p>\n\n\n\n<p>O corpo de Claudete foi traslado para S\u00e3o Mateus do Sul e est\u00e1 sendo velado na capela da Funer\u00e1ria Bom Jesus. O sepultamento est\u00e1 marcado para esta quinta-feira (20), \u00e0s 16h, no cemit\u00e9rio da Col\u00f4nia Taquaral.<\/p>\n\n\n\n<p><em>Informa\u00e7\u00f5es ND Mais\/Reda\u00e7\u00e3o Portal RDX<br>Foto: Arquivo pessoal\/F\u00e1bio Junkes\/OCP News.<\/em><\/p>\n","protected":false},"excerpt":{"rendered":"<p>Claudete Krulikowski, de 45 anos, natural de S\u00e3o Mateus do Sul (PR), morreu ap\u00f3s ser baleada durante confronto com a Pol\u00edcia Militar (PM) na noite de ter\u00e7a-feira (18) em um condom\u00ednio de quitinetes em Jaragu\u00e1 do Sul \u2013 SC. De acordo com a PM, moradores acionaram a corpora\u00e7\u00e3o informando que Claudete estava transtornada e amea\u00e7ando [&hellip;]<\/p>\n","protected":false},"author":2,"featured_media":34470,"comment_status":"open","ping_status":"open","sticky":false,"template":"","format":"standard","meta":{"footnotes":""},"categories":[2],"tags":[172],"class_list":["post-34469","post","type-post","status-publish","format-standard","has-post-thumbnail","hentry","category-policial","tag-featured"],"amp_enabled":true,"_links":{"self":[{"href":"https:\/\/radiostudiow.com.br\/site\/wp-json\/wp\/v2\/posts\/34469","targetHints":{"allow":["GET"]}}],"collection":[{"href":"https:\/\/radiostudiow.com.br\/site\/wp-json\/wp\/v2\/posts"}],"about":[{"href":"https:\/\/radiostudiow.com.br\/site\/wp-json\/wp\/v2\/types\/post"}],"author":[{"embeddable":true,"href":"https:\/\/radiostudiow.com.br\/site\/wp-json\/wp\/v2\/users\/2"}],"replies":[{"embeddable":true,"href":"https:\/\/radiostudiow.com.br\/site\/wp-json\/wp\/v2\/comments?post=34469"}],"version-history":[{"count":1,"href":"https:\/\/radiostudiow.com.br\/site\/wp-json\/wp\/v2\/posts\/34469\/revisions"}],"predecessor-version":[{"id":34471,"href":"https:\/\/radiostudiow.com.br\/site\/wp-json\/wp\/v2\/posts\/34469\/revisions\/34471"}],"wp:featuredmedia":[{"embeddable":true,"href":"https:\/\/radiostudiow.com.br\/site\/wp-json\/wp\/v2\/media\/34470"}],"wp:attachment":[{"href":"https:\/\/radiostudiow.com.br\/site\/wp-json\/wp\/v2\/media?parent=34469"}],"wp:term":[{"taxonomy":"category","embeddable":true,"href":"https:\/\/radiostudiow.com.br\/site\/wp-json\/wp\/v2\/categories?post=34469"},{"taxonomy":"post_tag","embeddable":true,"href":"https:\/\/radiostudiow.com.br\/site\/wp-json\/wp\/v2\/tags?post=34469"}],"curies":[{"name":"wp","href":"https:\/\/api.w.org\/{rel}","templated":true}]}}