{"id":34482,"date":"2025-02-20T13:43:56","date_gmt":"2025-02-20T16:43:56","guid":{"rendered":"https:\/\/radiostudiow.com.br\/site\/?p=34482"},"modified":"2025-02-20T13:43:56","modified_gmt":"2025-02-20T16:43:56","slug":"ovos-de-galinha-vendidos-a-granel-deverao-ter-dados-de-validade-estampados-a-partir-de-marco","status":"publish","type":"post","link":"https:\/\/radiostudiow.com.br\/site\/2025\/02\/20\/ovos-de-galinha-vendidos-a-granel-deverao-ter-dados-de-validade-estampados-a-partir-de-marco\/","title":{"rendered":"Ovos de galinha vendidos a granel dever\u00e3o ter dados de validade estampados a partir de mar\u00e7o"},"content":{"rendered":"\n<p><\/p>\n\n\n\n<p>A partir de 1\u00ba de mar\u00e7o, os ovos de galinha comercializados a granel no Brasil dever\u00e3o trazer um dado de validade estampado diretamente na casca. A exig\u00eancia foi determinada pelo Minist\u00e9rio da Agricultura e Pecu\u00e1ria (Mapa), por meio de uma portaria publicada em setembro de 2024.<\/p>\n\n\n\n<figure class=\"wp-block-image size-full\"><img loading=\"lazy\" decoding=\"async\" width=\"598\" height=\"204\" src=\"https:\/\/radiostudiow.com.br\/site\/wp-content\/uploads\/2025\/01\/SITE-MEDIO7.png\" alt=\"\" class=\"wp-image-32801\" srcset=\"https:\/\/radiostudiow.com.br\/site\/wp-content\/uploads\/2025\/01\/SITE-MEDIO7.png 598w, https:\/\/radiostudiow.com.br\/site\/wp-content\/uploads\/2025\/01\/SITE-MEDIO7-300x102.png 300w\" sizes=\"auto, (max-width: 598px) 100vw, 598px\" \/><\/figure>\n\n\n\n<p>De acordo com a regulamenta\u00e7\u00e3o, a medida aplica-se exclusivamente aos ovos vendidos sem embalagens prim\u00e1rias, como bandejas simples. J\u00e1 os ovos embalados em estojos ou bandejas plastificadas, vendidos em supermercados, n\u00e3o precisar\u00e3o ter um dado de validade estampado individualmente, desde que a embalagem contenha todas as informa\u00e7\u00f5es obrigat\u00f3rias.<\/p>\n\n\n\n<p>O Mapa destacou que o objetivo da medida \u00e9 melhorar a seguran\u00e7a alimentar dos consumidores e facilitar a rastreabilidade dos produtos em caso de problemas. A tinta utilizada para a impress\u00e3o dos dados de validade dever\u00e1 ser espec\u00edfica para uso em alimentos, atendendo \u00e0 legisla\u00e7\u00e3o vigente.<\/p>\n\n\n\n<p><strong>Os ovos produzidos at\u00e9 o dia 04 de mar\u00e7o de 2025 poder\u00e3o ser comercializados normalmente, mesmo que n\u00e3o tenham dados estampados.<\/strong><\/p>\n\n\n\n<figure class=\"wp-block-image size-full\"><img loading=\"lazy\" decoding=\"async\" width=\"897\" height=\"204\" src=\"https:\/\/radiostudiow.com.br\/site\/wp-content\/uploads\/2025\/01\/SITE-GRANDE6.png\" alt=\"\" class=\"wp-image-32870\" srcset=\"https:\/\/radiostudiow.com.br\/site\/wp-content\/uploads\/2025\/01\/SITE-GRANDE6.png 897w, https:\/\/radiostudiow.com.br\/site\/wp-content\/uploads\/2025\/01\/SITE-GRANDE6-300x68.png 300w, https:\/\/radiostudiow.com.br\/site\/wp-content\/uploads\/2025\/01\/SITE-GRANDE6-768x175.png 768w\" sizes=\"auto, (max-width: 897px) 100vw, 897px\" \/><\/figure>\n\n\n\n<p><strong>Segundo especialistas, um ovo branco, quando armazenado em geladeira, pode permanecer pr\u00f3prio para consumo at\u00e9 25 dias ap\u00f3s a postura.<\/strong><\/p>\n\n\n\n<p>A nova regra busca garantir maior transpar\u00eancia ao consumidor e fortalecer a seguran\u00e7a<\/p>\n","protected":false},"excerpt":{"rendered":"<p>A partir de 1\u00ba de mar\u00e7o, os ovos de galinha comercializados a granel no Brasil dever\u00e3o trazer um dado de validade estampado diretamente na casca. A exig\u00eancia foi determinada pelo Minist\u00e9rio da Agricultura e Pecu\u00e1ria (Mapa), por meio de uma portaria publicada em setembro de 2024. De acordo com a regulamenta\u00e7\u00e3o, a medida aplica-se exclusivamente [&hellip;]<\/p>\n","protected":false},"author":2,"featured_media":34483,"comment_status":"open","ping_status":"open","sticky":false,"template":"","format":"standard","meta":{"footnotes":""},"categories":[7],"tags":[172],"class_list":["post-34482","post","type-post","status-publish","format-standard","has-post-thumbnail","hentry","category-geral","tag-featured"],"amp_enabled":true,"_links":{"self":[{"href":"https:\/\/radiostudiow.com.br\/site\/wp-json\/wp\/v2\/posts\/34482","targetHints":{"allow":["GET"]}}],"collection":[{"href":"https:\/\/radiostudiow.com.br\/site\/wp-json\/wp\/v2\/posts"}],"about":[{"href":"https:\/\/radiostudiow.com.br\/site\/wp-json\/wp\/v2\/types\/post"}],"author":[{"embeddable":true,"href":"https:\/\/radiostudiow.com.br\/site\/wp-json\/wp\/v2\/users\/2"}],"replies":[{"embeddable":true,"href":"https:\/\/radiostudiow.com.br\/site\/wp-json\/wp\/v2\/comments?post=34482"}],"version-history":[{"count":1,"href":"https:\/\/radiostudiow.com.br\/site\/wp-json\/wp\/v2\/posts\/34482\/revisions"}],"predecessor-version":[{"id":34484,"href":"https:\/\/radiostudiow.com.br\/site\/wp-json\/wp\/v2\/posts\/34482\/revisions\/34484"}],"wp:featuredmedia":[{"embeddable":true,"href":"https:\/\/radiostudiow.com.br\/site\/wp-json\/wp\/v2\/media\/34483"}],"wp:attachment":[{"href":"https:\/\/radiostudiow.com.br\/site\/wp-json\/wp\/v2\/media?parent=34482"}],"wp:term":[{"taxonomy":"category","embeddable":true,"href":"https:\/\/radiostudiow.com.br\/site\/wp-json\/wp\/v2\/categories?post=34482"},{"taxonomy":"post_tag","embeddable":true,"href":"https:\/\/radiostudiow.com.br\/site\/wp-json\/wp\/v2\/tags?post=34482"}],"curies":[{"name":"wp","href":"https:\/\/api.w.org\/{rel}","templated":true}]}}