{"id":34485,"date":"2025-02-20T16:16:28","date_gmt":"2025-02-20T19:16:28","guid":{"rendered":"https:\/\/radiostudiow.com.br\/site\/?p=34485"},"modified":"2025-02-20T16:16:29","modified_gmt":"2025-02-20T19:16:29","slug":"pesquisa-da-fiep-revela-que-61-dos-industriais-estao-otimistas-em-relacao-a-seus-negocios-para-2025","status":"publish","type":"post","link":"https:\/\/radiostudiow.com.br\/site\/2025\/02\/20\/pesquisa-da-fiep-revela-que-61-dos-industriais-estao-otimistas-em-relacao-a-seus-negocios-para-2025\/","title":{"rendered":"Pesquisa da Fiep revela que 61% dos industriais est\u00e3o otimistas em rela\u00e7\u00e3o a seus neg\u00f3cios para 2025"},"content":{"rendered":"\n<p><\/p>\n\n\n\n<h2 class=\"wp-block-heading\">Por outro lado, Sondagem Industrial mostra que empres\u00e1rios est\u00e3o pessimistas quanto ao desempenho da economia do pa\u00eds<\/h2>\n\n\n\n<p><\/p>\n\n\n\n<p>A Federa\u00e7\u00e3o das Ind\u00fastrias do Estado do Paran\u00e1 (Fiep) divulgou, nesta quinta-feira (20), os resultados da 29\u00aa edi\u00e7\u00e3o da Sondagem Industrial, levantamento anual que capta as expectativas dos empres\u00e1rios do setor para o ano seguinte. Os dados mostram que 61% dos industriais paranaenses est\u00e3o otimistas ou muito otimistas com o desempenho de suas ind\u00fastrias em 2025, enquanto 31% t\u00eam perspectivas neutras e somente 8% demonstram pessimismo.<\/p>\n\n\n\n<figure class=\"wp-block-image size-full\"><img loading=\"lazy\" decoding=\"async\" width=\"598\" height=\"204\" src=\"https:\/\/radiostudiow.com.br\/site\/wp-content\/uploads\/2025\/01\/SITE-MEDIO.png\" alt=\"\" class=\"wp-image-32810\" srcset=\"https:\/\/radiostudiow.com.br\/site\/wp-content\/uploads\/2025\/01\/SITE-MEDIO.png 598w, https:\/\/radiostudiow.com.br\/site\/wp-content\/uploads\/2025\/01\/SITE-MEDIO-300x102.png 300w\" sizes=\"auto, (max-width: 598px) 100vw, 598px\" \/><\/figure>\n\n\n\n<p>J\u00e1 em rela\u00e7\u00e3o ao desempenho da economia do pa\u00eds no ano, 24% apostam em crescimento ou forte crescimento, 33% esperam estabilidade e 43% acreditam que haver\u00e1 retra\u00e7\u00e3o ou forte retra\u00e7\u00e3o.&nbsp;<strong>\u201cA pesquisa trouxe uma preocupa\u00e7\u00e3o muito grande com a pol\u00edtica econ\u00f4mica nacional\u201d, ressaltou o presidente do Sistema Fiep, Edson Vasconcelos. \u201cPor um lado, o empres\u00e1rio acredita muito nele, mas por outro n\u00e3o acredita em mudan\u00e7as no plano do governo federal\u201d, completou<\/strong>. Quest\u00f5es como taxa de juros elevada, infraestrutura e custo do cr\u00e9dito preocupam parte dos empres\u00e1rios, que veem desafios no ambiente econ\u00f4mico.<\/p>\n\n\n\n<p>O levantamento, realizado entre novembro de 2024 e fevereiro de 2025, ouviu ind\u00fastrias de diferentes portes e segmentos. Entre os respondentes, 90% pretendem investir neste ano, com prioridade para melhorias em processos, produtos e servi\u00e7os (56%), redu\u00e7\u00e3o de custos produtivos (44%) e prospec\u00e7\u00e3o de novos mercados (41%). Apesar desse panorama, a dificuldade de acesso ao cr\u00e9dito segue como uma barreira, levando 55% dos empres\u00e1rios a utilizarem recursos pr\u00f3prios para financiar investimentos.<\/p>\n\n\n\n<figure class=\"wp-block-image size-full\"><img loading=\"lazy\" decoding=\"async\" width=\"897\" height=\"204\" src=\"https:\/\/radiostudiow.com.br\/site\/wp-content\/uploads\/2025\/01\/SITE-GRANDE6.png\" alt=\"\" class=\"wp-image-32870\" srcset=\"https:\/\/radiostudiow.com.br\/site\/wp-content\/uploads\/2025\/01\/SITE-GRANDE6.png 897w, https:\/\/radiostudiow.com.br\/site\/wp-content\/uploads\/2025\/01\/SITE-GRANDE6-300x68.png 300w, https:\/\/radiostudiow.com.br\/site\/wp-content\/uploads\/2025\/01\/SITE-GRANDE6-768x175.png 768w\" sizes=\"auto, (max-width: 897px) 100vw, 897px\" \/><\/figure>\n\n\n\n<p><strong>Otimismo com produtividade e amplia\u00e7\u00e3o das vendas<\/strong><\/p>\n\n\n\n<p>A pesquisa aponta que a percep\u00e7\u00e3o dos empres\u00e1rios que est\u00e3o otimistas em rela\u00e7\u00e3o aos seus neg\u00f3cios para 2025 est\u00e1 fortemente atrelado \u00e0 expectativa de aumento das vendas (90%), acesso a novos mercados (69%) e ganho de produtividade e competitividade (65%). \u201cA ind\u00fastria paranaense segue demonstrando resili\u00eancia e capacidade de crescimento. O desempenho positivo registrado em 2024 faz com que os empres\u00e1rios enxergam oportunidades na expans\u00e3o do mercado e no fortalecimento da produ\u00e7\u00e3o\u201d, afirma Vasconcelos.<\/p>\n\n\n\n<p>No entanto, h\u00e1 desafios que precisam ser superados. Quest\u00f5es como infraestrutura log\u00edstica (48%), custos de produ\u00e7\u00e3o (45%) e m\u00e3o de obra qualificada (61%) aparecem entre as principais preocupa\u00e7\u00f5es dos industriais. \u201cO Paran\u00e1 tem potencial para se consolidar ainda mais como uma refer\u00eancia industrial no Brasil, mas precisamos garantir condi\u00e7\u00f5es adequadas para isso. Quest\u00f5es como energia, transporte e custos operacionais precisam estar na pauta de pol\u00edticas p\u00fablicas para assegurar a competitividade das empresas\u201d, avalia Vasconcelos.<\/p>\n\n\n\n<figure class=\"wp-block-image size-full\"><img loading=\"lazy\" decoding=\"async\" width=\"598\" height=\"204\" src=\"https:\/\/radiostudiow.com.br\/site\/wp-content\/uploads\/2025\/01\/SITE-MEDIO3.png\" alt=\"\" class=\"wp-image-32815\" srcset=\"https:\/\/radiostudiow.com.br\/site\/wp-content\/uploads\/2025\/01\/SITE-MEDIO3.png 598w, https:\/\/radiostudiow.com.br\/site\/wp-content\/uploads\/2025\/01\/SITE-MEDIO3-300x102.png 300w\" sizes=\"auto, (max-width: 598px) 100vw, 598px\" \/><\/figure>\n\n\n\n<p><strong>Investimentos e inova\u00e7\u00e3o no radar do setor<\/strong><\/p>\n\n\n\n<p>Apesar dos desafios, a disposi\u00e7\u00e3o do setor para inovar segue forte. Al\u00e9m das melhorias em processos e produtos, 32% das empresas indicaram que pretendem investir em novas estrat\u00e9gias de gest\u00e3o e 31% buscam automa\u00e7\u00e3o e robotiza\u00e7\u00e3o para elevar a produtividade. A qualifica\u00e7\u00e3o profissional tamb\u00e9m aparece como uma prioridade, sendo apontada como essencial por 66% dos empres\u00e1rios.<\/p>\n\n\n\n<p>Nesse contexto, Vasconcelos destaca o papel do Sistema Fiep na capacita\u00e7\u00e3o da m\u00e3o de obra e aumento da produtividade das empresas. \u201cA\u00e7\u00f5es do Senai, Sesi e IEL s\u00e3o fundamentais para desenvolver profissionais preparados para os desafios da ind\u00fastria moderna. Al\u00e9m disso, programas como a Jornada da Produtividade ajudam as empresas a aprimorar seus processos e adotar tecnologias que fortale\u00e7am sua efici\u00eancia e competitividade\u201d, enfatiza.<\/p>\n\n\n\n<figure class=\"wp-block-image size-full\"><img loading=\"lazy\" decoding=\"async\" width=\"598\" height=\"204\" src=\"https:\/\/radiostudiow.com.br\/site\/wp-content\/uploads\/2025\/01\/SITE-MEDIO7.png\" alt=\"\" class=\"wp-image-32801\" srcset=\"https:\/\/radiostudiow.com.br\/site\/wp-content\/uploads\/2025\/01\/SITE-MEDIO7.png 598w, https:\/\/radiostudiow.com.br\/site\/wp-content\/uploads\/2025\/01\/SITE-MEDIO7-300x102.png 300w\" sizes=\"auto, (max-width: 598px) 100vw, 598px\" \/><\/figure>\n\n\n\n<p><strong>Juros elevados e desafios econ\u00f4micos em 2025<\/strong><\/p>\n\n\n\n<p>A alta da taxa Selic e o encarecimento do cr\u00e9dito s\u00e3o fatores que geram preocupa\u00e7\u00e3o no setor. Segundo a pesquisa, 43% dos industriais acreditam que a economia pode enfrentar retra\u00e7\u00e3o ou forte retra\u00e7\u00e3o em 2025, e 79% desse grupo apontam a pol\u00edtica econ\u00f4mica nacional como o principal fator de impacto negativo. \u201cO cen\u00e1rio de juros elevados dificulta novos investimentos e encarece o cr\u00e9dito, reduzindo a capacidade de amplia\u00e7\u00e3o da produ\u00e7\u00e3o e da inova\u00e7\u00e3o\u201d, alerta Vasconcelos.<\/p>\n\n\n\n<p>Diante desse panorama, a Fiep refor\u00e7a a import\u00e2ncia de continuar debatendo as demandas do setor industrial e buscando solu\u00e7\u00f5es que promovam um ambiente de neg\u00f3cios mais competitivo. \u201cOs F\u00f3runs Regionais da Ind\u00fastria, que realizamos em 2024 e que ter\u00e3o continuidade neste ano, s\u00e3o essenciais para ouvirmos os empres\u00e1rios e atuarmos junto ao poder p\u00fablico para destravar gargalos e criar uma pol\u00edtica industrial que impulsione ainda mais o setor no Paran\u00e1\u201d, conclui o presidente da Fiep.<\/p>\n\n\n\n<p>A \u00edntegra da 29\u00aa Sondagem Industrial pode ser acessada no site:&nbsp;<a href=\"https:\/\/www.sondagemindustrial.org.br\/\"><strong>www.<\/strong><\/a><strong><a href=\"https:\/\/www.sondagemindustrial.org.br\/\" target=\"_blank\" rel=\"noreferrer noopener\">sondagemindustrial<\/a><\/strong><a href=\"https:\/\/www.sondagemindustrial.org.br\/\"><strong>.org.br<\/strong><\/a><\/p>\n\n\n\n<p><\/p>\n\n\n\n<p><\/p>\n\n\n\n<p><em>Pesquisa trouxe preocupa\u00e7\u00e3o com a pol\u00edtica econ\u00f4mica nacional. (Foto: Gelson Bampi)<\/em><\/p>\n","protected":false},"excerpt":{"rendered":"<p>Por outro lado, Sondagem Industrial mostra que empres\u00e1rios est\u00e3o pessimistas quanto ao desempenho da economia do pa\u00eds A Federa\u00e7\u00e3o das Ind\u00fastrias do Estado do Paran\u00e1 (Fiep) divulgou, nesta quinta-feira (20), os resultados da 29\u00aa edi\u00e7\u00e3o da Sondagem Industrial, levantamento anual que capta as expectativas dos empres\u00e1rios do setor para o ano seguinte. Os dados mostram [&hellip;]<\/p>\n","protected":false},"author":2,"featured_media":34486,"comment_status":"open","ping_status":"open","sticky":false,"template":"","format":"standard","meta":{"footnotes":""},"categories":[7],"tags":[172],"class_list":["post-34485","post","type-post","status-publish","format-standard","has-post-thumbnail","hentry","category-geral","tag-featured"],"amp_enabled":true,"_links":{"self":[{"href":"https:\/\/radiostudiow.com.br\/site\/wp-json\/wp\/v2\/posts\/34485","targetHints":{"allow":["GET"]}}],"collection":[{"href":"https:\/\/radiostudiow.com.br\/site\/wp-json\/wp\/v2\/posts"}],"about":[{"href":"https:\/\/radiostudiow.com.br\/site\/wp-json\/wp\/v2\/types\/post"}],"author":[{"embeddable":true,"href":"https:\/\/radiostudiow.com.br\/site\/wp-json\/wp\/v2\/users\/2"}],"replies":[{"embeddable":true,"href":"https:\/\/radiostudiow.com.br\/site\/wp-json\/wp\/v2\/comments?post=34485"}],"version-history":[{"count":1,"href":"https:\/\/radiostudiow.com.br\/site\/wp-json\/wp\/v2\/posts\/34485\/revisions"}],"predecessor-version":[{"id":34487,"href":"https:\/\/radiostudiow.com.br\/site\/wp-json\/wp\/v2\/posts\/34485\/revisions\/34487"}],"wp:featuredmedia":[{"embeddable":true,"href":"https:\/\/radiostudiow.com.br\/site\/wp-json\/wp\/v2\/media\/34486"}],"wp:attachment":[{"href":"https:\/\/radiostudiow.com.br\/site\/wp-json\/wp\/v2\/media?parent=34485"}],"wp:term":[{"taxonomy":"category","embeddable":true,"href":"https:\/\/radiostudiow.com.br\/site\/wp-json\/wp\/v2\/categories?post=34485"},{"taxonomy":"post_tag","embeddable":true,"href":"https:\/\/radiostudiow.com.br\/site\/wp-json\/wp\/v2\/tags?post=34485"}],"curies":[{"name":"wp","href":"https:\/\/api.w.org\/{rel}","templated":true}]}}